{"id":470529,"date":"2025-10-17T18:08:14","date_gmt":"2025-10-17T18:08:14","guid":{"rendered":"https:\/\/www.europesays.com\/fr\/470529\/"},"modified":"2025-10-17T18:08:14","modified_gmt":"2025-10-17T18:08:14","slug":"en-direct-pro-d2-mont-de-marsan-grenoble-suivez-le-match","status":"publish","type":"post","link":"https:\/\/www.europesays.com\/fr\/470529\/","title":{"rendered":"En direct. Pro D2 &#8211; Mont-de-Marsan &#8211; Grenoble : suivez le match !"},"content":{"rendered":"<p>\n                Bonjour et bienvenue sur Rugbyrama pour suivre le direct comment\u00e9 de la rencontre de la 7e journ\u00e9e de Pro D2 opposant Mont-de-Marsan \u00e0 Grenoble.\n            <\/p>\n<p>Mont-de-Marsan est avant-dernier du championnat et reste sur trois d\u00e9faites cons\u00e9cutives.<\/p>\n<p>Grenoble est neuvi\u00e8me et doit aussi r\u00e9agir, le FCG compte deux d\u00e9faites de rang.<\/p>\n<p>La rencontre sera arbitr\u00e9e par M.Noirot.<\/p>\n","protected":false},"excerpt":{"rendered":"Bonjour et bienvenue sur Rugbyrama pour suivre le direct comment\u00e9 de la rencontre de la 7e journ\u00e9e de&hellip;\n","protected":false},"author":2,"featured_media":470530,"comment_status":"","ping_status":"","sticky":false,"template":"","format":"standard","meta":{"footnotes":""},"categories":[9566],"tags":[1111,11,2430,1777,674,1011,27,2731,12,25],"class_list":{"0":"post-470529","1":"post","2":"type-post","3":"status-publish","4":"format-standard","5":"has-post-thumbnail","7":"category-grenoble","8":"tag-actu","9":"tag-actualites","10":"tag-auvergne-rhone-alpes","11":"tag-eu","12":"tag-europe","13":"tag-fr","14":"tag-france","15":"tag-grenoble","16":"tag-news","17":"tag-republique-francaise"},"share_on_mastodon":{"url":"https:\/\/pubeurope.com\/@fr\/115390847651723306","error":""},"_links":{"self":[{"href":"https:\/\/www.europesays.com\/fr\/wp-json\/wp\/v2\/posts\/470529","targetHints":{"allow":["GET"]}}],"collection":[{"href":"https:\/\/www.europesays.com\/fr\/wp-json\/wp\/v2\/posts"}],"about":[{"href":"https:\/\/www.europesays.com\/fr\/wp-json\/wp\/v2\/types\/post"}],"author":[{"embeddable":true,"href":"https:\/\/www.europesays.com\/fr\/wp-json\/wp\/v2\/users\/2"}],"replies":[{"embeddable":true,"href":"https:\/\/www.europesays.com\/fr\/wp-json\/wp\/v2\/comments?post=470529"}],"version-history":[{"count":0,"href":"https:\/\/www.europesays.com\/fr\/wp-json\/wp\/v2\/posts\/470529\/revisions"}],"wp:featuredmedia":[{"embeddable":true,"href":"https:\/\/www.europesays.com\/fr\/wp-json\/wp\/v2\/media\/470530"}],"wp:attachment":[{"href":"https:\/\/www.europesays.com\/fr\/wp-json\/wp\/v2\/media?parent=470529"}],"wp:term":[{"taxonomy":"category","embeddable":true,"href":"https:\/\/www.europesays.com\/fr\/wp-json\/wp\/v2\/categories?post=470529"},{"taxonomy":"post_tag","embeddable":true,"href":"https:\/\/www.europesays.com\/fr\/wp-json\/wp\/v2\/tags?post=470529"}],"curies":[{"name":"wp","href":"https:\/\/api.w.org\/{rel}","templated":true}]}}