{"id":470531,"date":"2025-10-17T18:09:26","date_gmt":"2025-10-17T18:09:26","guid":{"rendered":"https:\/\/www.europesays.com\/fr\/470531\/"},"modified":"2025-10-17T18:09:26","modified_gmt":"2025-10-17T18:09:26","slug":"pourquoi-il-ny-a-pas-encore-darbre-sur-la-nouvelle-place-du-champ-jacquet-a-rennes","status":"publish","type":"post","link":"https:\/\/www.europesays.com\/fr\/470531\/","title":{"rendered":"Pourquoi il n\u2019y a pas encore d\u2019arbre sur la nouvelle place du Champ-Jacquet \u00e0\u00a0Rennes"},"content":{"rendered":"<p>Si vous vous \u00eates promen\u00e9s dans le centre-ville de Rennes ces derniers jours, vous avez s\u00fbrement constat\u00e9 que <a href=\"https:\/\/www.letelegramme.fr\/ille-et-vilaine\/rennes-35000\/cest-un-mal-pour-un-bien-un-gros-chantier-demarre-dans-cette-rue-commercante-de-rennes-6881484.php\" target=\"_blank\" rel=\"noopener\">les travaux de r\u00e9novation<\/a> de la place du Champ-Jacquet \u00e9taient termin\u00e9s, mais aussi que celle-ci manquait peut-\u00eatre d\u2019un peu de verdure. Le lieu, tr\u00e8s min\u00e9ral, n\u2019a pas laiss\u00e9 de place pour le moment \u00e0 la moindre plante. Seul un arbre d\u00e9j\u00e0 pr\u00e9sent tente de faire sa place \u00e0 c\u00f4t\u00e9 des pav\u00e9s fra\u00eechement pos\u00e9s.<\/p>\n<p>Une absence de v\u00e9g\u00e9taux qui interroge, tant les villes ont besoin aujourd\u2019hui de v\u00e9g\u00e9talisation pour lutter contre les \u00eelots de chaleur et rafra\u00eechir les lieux urbains.<\/p>\n<p>Huit arbres seront plant\u00e9s<\/p>\n<p>Pas d\u2019inqui\u00e9tude, la Ville de Rennes a annonc\u00e9 que plusieurs essences d\u2019arbre allaient venir offrir un peu d\u2019ombre \u00e0 la place. Huit exactement seront plant\u00e9s, dont un ch\u00eane \u00e0 feuille de saule d\u2019environ 15 m\u00e8tres de haut. Les travaux de v\u00e9g\u00e9talisation s\u2019ach\u00e8veront d\u2019ici la fin de l\u2019ann\u00e9e.<\/p>\n","protected":false},"excerpt":{"rendered":"Si vous vous \u00eates promen\u00e9s dans le centre-ville de Rennes ces derniers jours, vous avez s\u00fbrement constat\u00e9 que&hellip;\n","protected":false},"author":2,"featured_media":470532,"comment_status":"","ping_status":"","sticky":false,"template":"","format":"standard","meta":{"footnotes":""},"categories":[2821],"tags":[1111,11,829,1777,674,1011,27,848,12,50972,584,25],"class_list":{"0":"post-470531","1":"post","2":"type-post","3":"status-publish","4":"format-standard","5":"has-post-thumbnail","7":"category-rennes","8":"tag-actu","9":"tag-actualites","10":"tag-bretagne","11":"tag-eu","12":"tag-europe","13":"tag-fr","14":"tag-france","15":"tag-ille-et-vilaine","16":"tag-news","17":"tag-newsletter-la-rennes-quotidienne","18":"tag-rennes","19":"tag-republique-francaise"},"share_on_mastodon":{"url":"https:\/\/pubeurope.com\/@fr\/115390851600443957","error":""},"_links":{"self":[{"href":"https:\/\/www.europesays.com\/fr\/wp-json\/wp\/v2\/posts\/470531","targetHints":{"allow":["GET"]}}],"collection":[{"href":"https:\/\/www.europesays.com\/fr\/wp-json\/wp\/v2\/posts"}],"about":[{"href":"https:\/\/www.europesays.com\/fr\/wp-json\/wp\/v2\/types\/post"}],"author":[{"embeddable":true,"href":"https:\/\/www.europesays.com\/fr\/wp-json\/wp\/v2\/users\/2"}],"replies":[{"embeddable":true,"href":"https:\/\/www.europesays.com\/fr\/wp-json\/wp\/v2\/comments?post=470531"}],"version-history":[{"count":0,"href":"https:\/\/www.europesays.com\/fr\/wp-json\/wp\/v2\/posts\/470531\/revisions"}],"wp:featuredmedia":[{"embeddable":true,"href":"https:\/\/www.europesays.com\/fr\/wp-json\/wp\/v2\/media\/470532"}],"wp:attachment":[{"href":"https:\/\/www.europesays.com\/fr\/wp-json\/wp\/v2\/media?parent=470531"}],"wp:term":[{"taxonomy":"category","embeddable":true,"href":"https:\/\/www.europesays.com\/fr\/wp-json\/wp\/v2\/categories?post=470531"},{"taxonomy":"post_tag","embeddable":true,"href":"https:\/\/www.europesays.com\/fr\/wp-json\/wp\/v2\/tags?post=470531"}],"curies":[{"name":"wp","href":"https:\/\/api.w.org\/{rel}","templated":true}]}}