{"id":470535,"date":"2025-10-17T18:11:17","date_gmt":"2025-10-17T18:11:17","guid":{"rendered":"https:\/\/www.europesays.com\/fr\/470535\/"},"modified":"2025-10-17T18:11:17","modified_gmt":"2025-10-17T18:11:17","slug":"la-synagogue-de-la-paix-retire-le-drapeau-israelien-et-les-banderoles-pour-les-otages","status":"publish","type":"post","link":"https:\/\/www.europesays.com\/fr\/470535\/","title":{"rendered":"la synagogue de la Paix retire le drapeau isra\u00e9lien et les banderoles pour les otages"},"content":{"rendered":"<p>La \u00ab\u00a0cl\u00f4ture d\u2019un dossier\u00a0\u00bb ouvert depuis le 7\u00a0octobre 2023. Maurice Dahan, pr\u00e9sident du Consistoire isra\u00e9lite du Bas-Rhin, a qualifi\u00e9 ainsi la \u00ab\u00a0c\u00e9r\u00e9monie civile\u00a0\u00bb de ce vendredi devant la synagogue de la Paix \u2013 rue Ren\u00e9-Hirschler, dans le quartier Contades \u2013 en hommage \u00e0 <a href=\"https:\/\/www.dna.fr\/videos\/les-images-des-liberations-d-otages-israeliens-et-prisonniers-palestiniens-3x555x5\" target=\"_blank\" rel=\"noopener\">la lib\u00e9ration des otages isra\u00e9liens retenus par le Hamas<\/a>. Dans la foul\u00e9e de l\u2019accord de paix entre <a href=\"https:\/\/www.dna.fr\/p\/donald-trump\" target=\"_blank\" rel=\"noopener\">Donald Trump<\/a> et Benjamin Netanyahu, le consistoire a d\u00e9croch\u00e9 les banderoles appelant \u00e0 leur affranchissement et retir\u00e9 le drapeau de l\u2019\u00c9tat h\u00e9breu. \u00ab\u00a0Je salue un beau geste de main tendue et de dialogue\u00a0\u00bb, a comment\u00e9 V\u00e9ronique Bertholle, adjointe \u00e0 la maire de Strasbourg en charge des relations transfrontali\u00e8res, internationales et europ\u00e9ennes.<\/p>\n<p>  \u00ab\u00a0Une joie pudique\u00a0\u00bb<\/p>\n<p>Maurice Dahan a pris la parole devant le grand rabbin Harold-Avraham Weill et plusieurs membres de la communaut\u00e9 juive\u00a0: \u00ab\u00a0Le 7-Octobre a boulevers\u00e9 nos vies [\u2026] Notre joie est pudique, mais r\u00e9elle\u00a0\u00bb. Une pens\u00e9e a \u00e9t\u00e9 adress\u00e9e \u00e0 l\u2019intention de ceux qui ont p\u00e9ri pendant la captivit\u00e9\u00a0: \u00ab\u00a0Impossible que le Hamas ne puisse pas dire o\u00f9 se trouvent les vingt s\u00e9pultures\u00a0\u00bb.<\/p>\n<p>  \u00ab\u00a0Cela rel\u00e8ve du miracle\u00a0\u00bb<\/p>\n<p>Toute la communaut\u00e9 attendait ce moment avec impatience. \u00ab\u00a0Il y a encore quinze jours, personne ne pensait que cela serait possible. Cela rel\u00e8ve du miracle\u00a0!\u00a0\u00bb, s\u2019est \u00e9cri\u00e9 Daniel. De son c\u00f4t\u00e9, Martine a fait part de son soulagement, tout en redoutant la fragilit\u00e9 de la paix\u00a0: \u00ab\u00a0En Isra\u00ebl, o\u00f9 vit mon fils, on dit que tout le monde a peur que la guerre reprenne\u00a0\u00bb.<\/p>\n","protected":false},"excerpt":{"rendered":"La \u00ab\u00a0cl\u00f4ture d\u2019un dossier\u00a0\u00bb ouvert depuis le 7\u00a0octobre 2023. Maurice Dahan, pr\u00e9sident du Consistoire isra\u00e9lite du Bas-Rhin, a&hellip;\n","protected":false},"author":2,"featured_media":470536,"comment_status":"","ping_status":"","sticky":false,"template":"","format":"standard","meta":{"footnotes":""},"categories":[2820],"tags":[1111,11,3206,2880,1777,674,107,1011,27,775,12,5889,25,104,640,2879],"class_list":{"0":"post-470535","1":"post","2":"type-post","3":"status-publish","4":"format-standard","5":"has-post-thumbnail","7":"category-strasbourg","8":"tag-actu","9":"tag-actualites","10":"tag-defense-guerre-conflit","11":"tag-edition-strasbourg","12":"tag-eu","13":"tag-europe","14":"tag-fil-info","15":"tag-fr","16":"tag-france","17":"tag-grand-est","18":"tag-news","19":"tag-religion-croyance","20":"tag-republique-francaise","21":"tag-societe","22":"tag-strasbourg","23":"tag-strasbourg-ville"},"share_on_mastodon":{"url":"https:\/\/pubeurope.com\/@fr\/115390859492052042","error":""},"_links":{"self":[{"href":"https:\/\/www.europesays.com\/fr\/wp-json\/wp\/v2\/posts\/470535","targetHints":{"allow":["GET"]}}],"collection":[{"href":"https:\/\/www.europesays.com\/fr\/wp-json\/wp\/v2\/posts"}],"about":[{"href":"https:\/\/www.europesays.com\/fr\/wp-json\/wp\/v2\/types\/post"}],"author":[{"embeddable":true,"href":"https:\/\/www.europesays.com\/fr\/wp-json\/wp\/v2\/users\/2"}],"replies":[{"embeddable":true,"href":"https:\/\/www.europesays.com\/fr\/wp-json\/wp\/v2\/comments?post=470535"}],"version-history":[{"count":0,"href":"https:\/\/www.europesays.com\/fr\/wp-json\/wp\/v2\/posts\/470535\/revisions"}],"wp:featuredmedia":[{"embeddable":true,"href":"https:\/\/www.europesays.com\/fr\/wp-json\/wp\/v2\/media\/470536"}],"wp:attachment":[{"href":"https:\/\/www.europesays.com\/fr\/wp-json\/wp\/v2\/media?parent=470535"}],"wp:term":[{"taxonomy":"category","embeddable":true,"href":"https:\/\/www.europesays.com\/fr\/wp-json\/wp\/v2\/categories?post=470535"},{"taxonomy":"post_tag","embeddable":true,"href":"https:\/\/www.europesays.com\/fr\/wp-json\/wp\/v2\/tags?post=470535"}],"curies":[{"name":"wp","href":"https:\/\/api.w.org\/{rel}","templated":true}]}}