{"id":470537,"date":"2025-10-17T18:12:18","date_gmt":"2025-10-17T18:12:18","guid":{"rendered":"https:\/\/www.europesays.com\/fr\/470537\/"},"modified":"2025-10-17T18:12:18","modified_gmt":"2025-10-17T18:12:18","slug":"suivez-en-live-le-match-douverture-de-la-8e-journee-de-ligue-1","status":"publish","type":"post","link":"https:\/\/www.europesays.com\/fr\/470537\/","title":{"rendered":"suivez en live le match d&rsquo;ouverture de la 8e journ\u00e9e de Ligue 1"},"content":{"rendered":"<p>Le PSG n\u2019a toujours pas encaiss\u00e9 le moindre but \u00e0 domicile cette saison<\/p>\n<p>Vainqueur de ces quatre premi\u00e8res rencontres au Parc des Princes cette saison, le club de la capitale n\u2019a toujours pas encaiss\u00e9 le moindre but dans son antre. En cas de 5e clean sheet cons\u00e9cutif ce soir, les Parisiens \u00e9galeraient une s\u00e9rie qui n\u2019a \u00e9t\u00e9 r\u00e9alis\u00e9e que deux fois dans leur histoire (5 matchs lors de la saison 1985-1986 et 6 matchs lors de la saison 1996-1997).<\/p>\n<p>La compo du PSG, le retour de D\u00e9sir\u00e9 Dou\u00e9 comme titulaire !<\/p>\n<p>Chevalier &#8211; Za\u00efre-Emery, Zabarnyi, Beraldo, Hernandez &#8211; Dou\u00e9, Lee, Mayulu &#8211; Mbaye, Ramos, Barcola<\/p>\n<p>La compo de Strasbourg, Panichelli align\u00e9 en pointe<\/p>\n<p>Penders &#8211; Doukour\u00e9, Hogsberg, Chilwell, G. Dou\u00e9 &#8211; Ouattara, El Mourabet, Barco, Moreira, Enciso &#8211; Panichelli<\/p>\n<p>\u00ab\u00a0Le temps passe si vite\u00a0\u00bb: le message touchant de D\u00e9sir\u00e9 Dou\u00e9 pour l\u2019anniversaire de son fr\u00e8re Gu\u00e9la<\/p>\n<p>C\u2019est ce vendredi que l\u2019arri\u00e8re droit de Strasbourg Gu\u00e9la Dou\u00e9 f\u00eate ses 23 ans. Hasard du calendrier, l\u2019international ivoirien sera oppos\u00e9 \u00e0 son petit fr\u00e8re, D\u00e9sir\u00e9 Dou\u00e9 (20 ans), de retour de blessure pour le match d\u2019ouverture de la huiti\u00e8me journ\u00e9e de Ligue 1 PSG-Strasbourg. Avant les retrouvailles au Parc, le champion d\u2019Europe a adress\u00e9 un message touchant \u00e0 son fr\u00e8re sur Instagram.<\/p>\n<p>&gt;&gt; <a href=\"https:\/\/rmcsport.bfmtv.com\/football\/ligue-1\/le-temps-passe-si-vite-le-message-touchant-de-desire-doue-pour-l-anniversaire-de-son-frere-guela-avant-les-retrouvailles-pour-psg-strasbourg_AV-202510170783.html\" title=\"&quot;Le temps passe si vite&quot;: le message touchant de D\u00e9sir\u00e9 Dou\u00e9 pour l\u2019anniversaire de son fr\u00e8re Gu\u00e9la avant les retrouvailles pour PSG-Strasbourg\" class=\"internal_link\" rel=\"nofollow noopener\" target=\"_blank\">\u00ab\u00a0Le temps passe si vite\u00a0\u00bb: le message touchant de D\u00e9sir\u00e9 Dou\u00e9 pour l\u2019anniversaire de son fr\u00e8re Gu\u00e9la avant les retrouvailles pour PSG-Strasbourg<\/a><\/p>\n<p><img decoding=\"async\" class=\"lozad\" src=\"https:\/\/www.europesays.com\/fr\/wp-content\/uploads\/2025\/10\/Guela-et-Desire-Doue-enfants-au-Stade-Rennais-2157127.jpg\"  alt=\"Gu\u00e9la et D\u00e9sir\u00e9 Dou\u00e9 enfants au Stade Rennais\" title=\"Gu\u00e9la et D\u00e9sir\u00e9 Dou\u00e9 enfants au Stade Rennais\"\/>Gu\u00e9la et D\u00e9sir\u00e9 Dou\u00e9 enfants au Stade Rennais \u00a9 InstagramLe Parc des Princes en rose ce soir<\/p>\n<p>Lors de la rencontre de ce soir face \u00e0 Strasbourg, le Parc des Princes sensibilisera le grand public \u00e0 la lutte contre le cancer du sein dans le cadre de la campagne Octobre Rose, annonce le PSG dans un communiqu\u00e9.<\/p>\n<p>Au programme: distribution de badges et rubans roses, un photocall Octobre Rose avec le Troph\u00e9e de la Ligue 1 et des menus solidaires propos\u00e9s aux buvettes (50 centimes revers\u00e9s \u00e0 l&rsquo;AP-HP pour chaque menu achet\u00e9).<\/p>\n<p>Sur le terrain, les joueurs porteront un maillot revisit\u00e9, orn\u00e9 d&rsquo;un ruban rose, symbole de la campagne. Les maillots port\u00e9s lors du match seront mis aux ench\u00e8res au profit de la cause.<\/p>\n<p>L\u2019entr\u00e9e des joueurs et le coup d\u2019envoi fictif, seront accompagn\u00e9s par des femmes touch\u00e9es par la maladie. Un tifo g\u00e9ant est \u00e9galement pr\u00e9vu dans la tribune Paris.<\/p>\n<p>\u00ab\u00a0A Paris on va gagner, j\u2019en suis persuad\u00e9e\u00a0\u00bb: ces supporters strasbourgeois emball\u00e9s et ambitieux<\/p>\n<p>Souvent \u00e9voqu\u00e9 sur fond de conflit opposant les Ultras \u00e0 la direction, Strasbourg se pr\u00e9sente \u00e0 Paris comme membre du podium pr\u00eat \u00e0 prendre la t\u00eate du championnat ce vendredi (20h45) en cas de succ\u00e8s au Parc des Princes. De quoi emballer une majorit\u00e9 de supporters qui pr\u00e9f\u00e8re parler terrain plut\u00f4t que de querelle interne.<\/p>\n<p><a href=\"https:\/\/rmcsport.bfmtv.com\/football\/clubs\/rc-strasbourg\/si-la-multipropriete-nous-aide-tant-mieux-ces-supporters-strasbourgeois-emballes-et-ambitieux-avant-le-choc-face-au-psg_AV-202510160931.html\" title=\"&quot;A Paris on va gagner, j\u2019en suis persuad\u00e9e&quot;: ces supporters strasbourgeois emball\u00e9s et ambitieux avant le choc face au PSG\" class=\"internal_link\" rel=\"nofollow noopener\" target=\"_blank\">&gt;&gt; \u00ab\u00a0A Paris on va gagner, j\u2019en suis persuad\u00e9e\u00a0\u00bb: ces supporters strasbourgeois emball\u00e9s et ambitieux<\/a><\/p>\n<p>Pourquoi PSG-Strasbourg est LE vrai choc de Ligue 1 en 2025<\/p>\n<p>C&rsquo;est peut-\u00eatre ce qui se fait de mieux en ce moment. La fen\u00eatre internationale s\u2019est achev\u00e9e et la Ligue 1 va reprendre ce vendredi par un beau choc entre le PSG et Strasbourg en ouverture de la huiti\u00e8me journ\u00e9e. Champion en titre et leader du classement, le club francilien esp\u00e8re reprendre sa marche en avant contre les Alsaciens.<\/p>\n<p><a href=\"https:\/\/rmcsport.bfmtv.com\/football\/ligue-1\/pourquoi-psg-strasbourg-est-le-vrai-choc-de-ligue-1-en-2025_AV-202510170030.html\" title=\"Pourquoi PSG-Strasbourg est LE vrai choc de Ligue 1 en 2025\" class=\"internal_link\" rel=\"nofollow noopener\" target=\"_blank\">&gt;&gt; Pourquoi PSG-Strasbourg est LE vrai choc de Ligue 1 en 2025<\/a><\/p>\n<p>Le groupe du PSG pour le choc contre Strasbourg<\/p>\n<p>S&rsquo;il reste orphelin de plusieurs cadres dont Marquinhos et Ousmane Demb\u00e9l\u00e9, Luis Enrique peut en revanche compter sur les retours de Khvicha Kvaratskhelia, D\u00e9sir\u00e9 Dou\u00e9 et Bradley Barcola pour affronter Strasbourg, ce vendredi (20h45), en Ligue 1.<\/p>\n<p><a href=\"https:\/\/rmcsport.bfmtv.com\/football\/clubs\/paris-saint-germain\/des-retours-importants-mais-plusieurs-cadres-encore-absents-le-groupe-du-psg-pour-le-choc-contre-strasbourg_AV-202510170405.html\" title=\"Des retours importants mais plusieurs cadres encore absents: le groupe du PSG pour le choc contre Strasbourg\" class=\"internal_link\" rel=\"nofollow noopener\" target=\"_blank\">&gt;&gt; Le groupe du PSG pour le choc contre Strasbourg<\/a><\/p>\n<p>Bonjour \u00e0 tous !<\/p>\n<p>La 8e journ\u00e9e de Ligue 1 s&rsquo;ouvre ce vendredi par une belle affiche entre le PSG et Strasbourg (20h45), au Parc des Princes. Un seul point s\u00e9pare les deux \u00e9quipes au coup d&rsquo;envoi. A suivre en direct comment\u00e9 sur le site et l&rsquo;application RMC Sport.<\/p>\n","protected":false},"excerpt":{"rendered":"Le PSG n\u2019a toujours pas encaiss\u00e9 le moindre but \u00e0 domicile cette saison Vainqueur de ces quatre premi\u00e8res&hellip;\n","protected":false},"author":2,"featured_media":470538,"comment_status":"","ping_status":"","sticky":false,"template":"","format":"standard","meta":{"footnotes":""},"categories":[2820],"tags":[1111,11,1777,674,1011,27,775,12,25,640],"class_list":{"0":"post-470537","1":"post","2":"type-post","3":"status-publish","4":"format-standard","5":"has-post-thumbnail","7":"category-strasbourg","8":"tag-actu","9":"tag-actualites","10":"tag-eu","11":"tag-europe","12":"tag-fr","13":"tag-france","14":"tag-grand-est","15":"tag-news","16":"tag-republique-francaise","17":"tag-strasbourg"},"share_on_mastodon":{"url":"https:\/\/pubeurope.com\/@fr\/115390864014267091","error":""},"_links":{"self":[{"href":"https:\/\/www.europesays.com\/fr\/wp-json\/wp\/v2\/posts\/470537","targetHints":{"allow":["GET"]}}],"collection":[{"href":"https:\/\/www.europesays.com\/fr\/wp-json\/wp\/v2\/posts"}],"about":[{"href":"https:\/\/www.europesays.com\/fr\/wp-json\/wp\/v2\/types\/post"}],"author":[{"embeddable":true,"href":"https:\/\/www.europesays.com\/fr\/wp-json\/wp\/v2\/users\/2"}],"replies":[{"embeddable":true,"href":"https:\/\/www.europesays.com\/fr\/wp-json\/wp\/v2\/comments?post=470537"}],"version-history":[{"count":0,"href":"https:\/\/www.europesays.com\/fr\/wp-json\/wp\/v2\/posts\/470537\/revisions"}],"wp:featuredmedia":[{"embeddable":true,"href":"https:\/\/www.europesays.com\/fr\/wp-json\/wp\/v2\/media\/470538"}],"wp:attachment":[{"href":"https:\/\/www.europesays.com\/fr\/wp-json\/wp\/v2\/media?parent=470537"}],"wp:term":[{"taxonomy":"category","embeddable":true,"href":"https:\/\/www.europesays.com\/fr\/wp-json\/wp\/v2\/categories?post=470537"},{"taxonomy":"post_tag","embeddable":true,"href":"https:\/\/www.europesays.com\/fr\/wp-json\/wp\/v2\/tags?post=470537"}],"curies":[{"name":"wp","href":"https:\/\/api.w.org\/{rel}","templated":true}]}}