{"id":470544,"date":"2025-10-17T18:16:34","date_gmt":"2025-10-17T18:16:34","guid":{"rendered":"https:\/\/www.europesays.com\/fr\/470544\/"},"modified":"2025-10-17T18:16:34","modified_gmt":"2025-10-17T18:16:34","slug":"escalade-et-jeux-deau-dans-le-bas-chantenay","status":"publish","type":"post","link":"https:\/\/www.europesays.com\/fr\/470544\/","title":{"rendered":"escalade et jeux d\u2019eau dans le Bas Chantenay"},"content":{"rendered":"<p class=\"c-paragraph\">Situ\u00e9e en face de la future Cit\u00e9 des imaginaires de Nantes (Loire-Atlantique), qui accueillera en 2028 le grand mus\u00e9e Jules-Verne, la carri\u00e8re Mis\u00e9ry ach\u00e8ve sa m\u00e9tamorphose avec l\u2019ouverture au public de la derni\u00e8re phase du Jardin extraordinaire. Con\u00e7u par l\u2019agence Phytolab pour un budget de 8,1 M\u20ac TTC, ce nouvel espace vert de 1,6 ha a transform\u00e9 l\u2019ancien site industriel en un paysage luxuriant surmont\u00e9 de falaises qui proposent d\u00e9sormais 90 voies d\u2019escalade. La dalle de b\u00e9ton a \u00e9t\u00e9 retir\u00e9e pour donner naissance \u00e0 un \u00eelot de fra\u00eecheur et de biodiversit\u00e9 avec un marais de 4 680 m2 et un bassin de baignade de 700 m2 entour\u00e9 d\u2019une plage verte. Ne d\u00e9passant pas 40 cm de profondeur et avec une pente de 5 %, ce bassin fonctionne en circuit ferm\u00e9 et l\u2019eau, puis\u00e9e \u00e0 90 m de profondeur, est filtr\u00e9e en partie gr\u00e2ce \u00e0 des v\u00e9g\u00e9taux. Le syst\u00e8me est pilot\u00e9 depuis un discret local d\u2019exploitation dessin\u00e9 par l\u2019agence Mabire Reich, qui abrite aussi les sanitaires publics dont la fa\u00e7ade en inox refl\u00e9tera la v\u00e9g\u00e9tation.<\/p>\n","protected":false},"excerpt":{"rendered":"Situ\u00e9e en face de la future Cit\u00e9 des imaginaires de Nantes (Loire-Atlantique), qui accueillera en 2028 le grand&hellip;\n","protected":false},"author":2,"featured_media":470545,"comment_status":"","ping_status":"","sticky":false,"template":"","format":"standard","meta":{"footnotes":""},"categories":[2818],"tags":[1111,11,35330,51,21659,1777,674,1011,27,33054,3047,766,12,2636,19470,25,7333],"class_list":{"0":"post-470544","1":"post","2":"type-post","3":"status-publish","4":"format-standard","5":"has-post-thumbnail","7":"category-nantes","8":"tag-actu","9":"tag-actualites","10":"tag-adaptation-au-changement-climatique","11":"tag-ecologie","12":"tag-espaces-verts","13":"tag-eu","14":"tag-europe","15":"tag-fr","16":"tag-france","17":"tag-ilots-de-fraicheur","18":"tag-loire-atlantique","19":"tag-nantes","20":"tag-news","21":"tag-pays-de-la-loire","22":"tag-paysage","23":"tag-republique-francaise","24":"tag-vie-du-btp"},"share_on_mastodon":{"url":"https:\/\/pubeurope.com\/@fr\/115390879153345955","error":""},"_links":{"self":[{"href":"https:\/\/www.europesays.com\/fr\/wp-json\/wp\/v2\/posts\/470544","targetHints":{"allow":["GET"]}}],"collection":[{"href":"https:\/\/www.europesays.com\/fr\/wp-json\/wp\/v2\/posts"}],"about":[{"href":"https:\/\/www.europesays.com\/fr\/wp-json\/wp\/v2\/types\/post"}],"author":[{"embeddable":true,"href":"https:\/\/www.europesays.com\/fr\/wp-json\/wp\/v2\/users\/2"}],"replies":[{"embeddable":true,"href":"https:\/\/www.europesays.com\/fr\/wp-json\/wp\/v2\/comments?post=470544"}],"version-history":[{"count":0,"href":"https:\/\/www.europesays.com\/fr\/wp-json\/wp\/v2\/posts\/470544\/revisions"}],"wp:featuredmedia":[{"embeddable":true,"href":"https:\/\/www.europesays.com\/fr\/wp-json\/wp\/v2\/media\/470545"}],"wp:attachment":[{"href":"https:\/\/www.europesays.com\/fr\/wp-json\/wp\/v2\/media?parent=470544"}],"wp:term":[{"taxonomy":"category","embeddable":true,"href":"https:\/\/www.europesays.com\/fr\/wp-json\/wp\/v2\/categories?post=470544"},{"taxonomy":"post_tag","embeddable":true,"href":"https:\/\/www.europesays.com\/fr\/wp-json\/wp\/v2\/tags?post=470544"}],"curies":[{"name":"wp","href":"https:\/\/api.w.org\/{rel}","templated":true}]}}