{"id":470558,"date":"2025-10-17T18:23:11","date_gmt":"2025-10-17T18:23:11","guid":{"rendered":"https:\/\/www.europesays.com\/fr\/470558\/"},"modified":"2025-10-17T18:23:11","modified_gmt":"2025-10-17T18:23:11","slug":"avec-la-reforme-de-la-loi-plm-des-mairies-de-secteur-affaiblies-a-marseille","status":"publish","type":"post","link":"https:\/\/www.europesays.com\/fr\/470558\/","title":{"rendered":"avec la r\u00e9forme de la loi PLM, des mairies de secteur affaiblies \u00e0 Marseille"},"content":{"rendered":"<p>Les 15 et 22\u00a0mars, pour la premi\u00e8re fois, les \u00e9lecteurs marseillais mettront deux bulletins dans deux urnes, l&rsquo;un pour <a href=\"https:\/\/www.laprovence.com\/article\/elections\/4411600353183314\/municipales-2026-a-marseille-si-on-gagne-martine-vassal-ne-sera-plus-presidente-de-la-metropole-lache-benoit-payan-dvg\" target=\"_blank\" rel=\"noopener\">le maire de la mairie centrale<\/a>, l&rsquo;autre pour le maire d&rsquo;arrondissement. <a href=\"https:\/\/www.laprovence.com\/article\/elections\/2274092016311114\/municipales-2026-comment-la-nouvelle-loi-plm-rebat-deja-les-cartes-de-la-campagne-a-marseille\" target=\"_blank\" rel=\"noopener\">La r\u00e9forme PLM <\/a>renforcera donc la l\u00e9gitimit\u00e9 d\u00e9mocratique du maire de Marseille et les \u00e9lecteurs pourront exprimer des choix diff\u00e9rents pour leur ville et leur secteur. \u00c0 Paris, depuis plus de vingt ans, conform\u00e9ment au choix politique de l&rsquo;ancien maire (PS) Bertrand Delano\u00eb, les mairies d&rsquo;arrondissement disposent de v\u00e9ritables comp\u00e9tences (\u00e9coles, \u00e9quipements sportifs&#8230;). Ce n&rsquo;est pas le cas \u00e0 Marseille. Ici, les mairies d&rsquo;arrondissements ont peu de budget, peu de comp\u00e9tences et fonctionnent comme un ex\u00e9cutant de la mairie centrale.<\/p>\n<p>La r\u00e9forme de la loi PLM ne leur donne pas plus de pouvoir. Les maires de secteur pourraient m\u00eame avoir encore moins de poids politique puisqu&rsquo;ils ne si\u00e9geront pas forc\u00e9ment au conseil municipal.<\/p>\n<p>PLM ou pas, le transfert de comp\u00e9tences aux mairies de secteur reste au bon vouloir du maire, lequel, <a href=\"https:\/\/www.laprovence.com\/article\/elections\/73423070947781\/marseille-aura-un-elu-de-moins-a-la-metropole-a-partir-de-2026\" target=\"_blank\" rel=\"noopener\">\u00e0 Marseille<\/a>, qu&rsquo;il soit de droite ou de gauche, n&rsquo;a jamais \u00e9t\u00e9 enclin \u00e0 en abandonner la moindre bribe, de peur de voir se d\u00e9velopper des baronnies. Le gouvernement avait promis de se pencher sur la question du transfert des comp\u00e9tences, mais, en l&rsquo;\u00e9tat, rien n&rsquo;a \u00e9t\u00e9 fait. Plus que jamais, il est donc \u00e0 craindre un affaiblissement des maires d&rsquo;arrondissements. Ces derniers, par ailleurs, ne si\u00e9geront plus au conseil m\u00e9tropolitain puisque la loi pr\u00e9voit que les conseillers m\u00e9tropolitains seront d\u00e9sormais \u00e9lus sur la m\u00eame liste que les candidats au conseil municipal.<\/p>\n","protected":false},"excerpt":{"rendered":"Les 15 et 22\u00a0mars, pour la premi\u00e8re fois, les \u00e9lecteurs marseillais mettront deux bulletins dans deux urnes, l&rsquo;un&hellip;\n","protected":false},"author":2,"featured_media":470559,"comment_status":"","ping_status":"","sticky":false,"template":"","format":"standard","meta":{"footnotes":""},"categories":[2814],"tags":[17,5734,1111,11,3396,154,5949,1777,674,1011,27,420,884,3554,12,5530,882,4190,25],"class_list":{"0":"post-470558","1":"post","2":"type-post","3":"status-publish","4":"format-standard","5":"has-post-thumbnail","7":"category-marseille","8":"tag-17","9":"tag-5734","10":"tag-actu","11":"tag-actualites","12":"tag-avec","13":"tag-des","14":"tag-elections","15":"tag-eu","16":"tag-europe","17":"tag-fr","18":"tag-france","19":"tag-loi","20":"tag-marseille","21":"tag-municipales","22":"tag-news","23":"tag-plm","24":"tag-provence-alpes-cote-dazur","25":"tag-reforme","26":"tag-republique-francaise"},"share_on_mastodon":{"url":"https:\/\/pubeurope.com\/@fr\/115390906716609697","error":""},"_links":{"self":[{"href":"https:\/\/www.europesays.com\/fr\/wp-json\/wp\/v2\/posts\/470558","targetHints":{"allow":["GET"]}}],"collection":[{"href":"https:\/\/www.europesays.com\/fr\/wp-json\/wp\/v2\/posts"}],"about":[{"href":"https:\/\/www.europesays.com\/fr\/wp-json\/wp\/v2\/types\/post"}],"author":[{"embeddable":true,"href":"https:\/\/www.europesays.com\/fr\/wp-json\/wp\/v2\/users\/2"}],"replies":[{"embeddable":true,"href":"https:\/\/www.europesays.com\/fr\/wp-json\/wp\/v2\/comments?post=470558"}],"version-history":[{"count":0,"href":"https:\/\/www.europesays.com\/fr\/wp-json\/wp\/v2\/posts\/470558\/revisions"}],"wp:featuredmedia":[{"embeddable":true,"href":"https:\/\/www.europesays.com\/fr\/wp-json\/wp\/v2\/media\/470559"}],"wp:attachment":[{"href":"https:\/\/www.europesays.com\/fr\/wp-json\/wp\/v2\/media?parent=470558"}],"wp:term":[{"taxonomy":"category","embeddable":true,"href":"https:\/\/www.europesays.com\/fr\/wp-json\/wp\/v2\/categories?post=470558"},{"taxonomy":"post_tag","embeddable":true,"href":"https:\/\/www.europesays.com\/fr\/wp-json\/wp\/v2\/tags?post=470558"}],"curies":[{"name":"wp","href":"https:\/\/api.w.org\/{rel}","templated":true}]}}