{"id":470562,"date":"2025-10-17T18:25:13","date_gmt":"2025-10-17T18:25:13","guid":{"rendered":"https:\/\/www.europesays.com\/fr\/470562\/"},"modified":"2025-10-17T18:25:13","modified_gmt":"2025-10-17T18:25:13","slug":"lyon-il-proposait-des-videos-pedocriminelles-sur-un-jeu-en-ligne-pour-enfants-un-an-de-prison","status":"publish","type":"post","link":"https:\/\/www.europesays.com\/fr\/470562\/","title":{"rendered":"Lyon. Il proposait des vid\u00e9os p\u00e9docriminelles sur un jeu en ligne pour enfants\u00a0: un an de prison"},"content":{"rendered":"<p>\u00ab\u00a0Je n\u2019ai pas un mental tr\u00e8s stable. J\u2019ai des failles\u00a0\u00bb, a d\u00e9crit cet \u00e9tudiant, convoqu\u00e9 pour corruption de mineurs, devant le tribunal correctionnel de Lyon lundi. Le 17\u00a0septembre 2024, il avait \u00e9t\u00e9 signal\u00e9 pour ses messages sur le jeu en ligne Movie Star Planet 2.\u00a0Selon ses conditions d\u2019utilisation, le jeu virtuel s\u2019adresse essentiellement \u00ab\u00a0\u00e0 des utilisateurs \u00e2g\u00e9s entre 8 et 15 ans\u00a0\u00bb. L\u2019objectif pour les enfants\/ados est de cr\u00e9er des avatars et de les faire devenir c\u00e9l\u00e8bres.<\/p>\n<p>L\u2019\u00e9tudiant proposait d\u2019envoyer \u00e0 d\u2019autres utilisateurs des vid\u00e9os p\u00e9docriminelles. S\u2019ils se montraient int\u00e9ress\u00e9s, il leur demandait de lui envoyer un message&#8230;<\/p>\n","protected":false},"excerpt":{"rendered":"\u00ab\u00a0Je n\u2019ai pas un mental tr\u00e8s stable. J\u2019ai des failles\u00a0\u00bb, a d\u00e9crit cet \u00e9tudiant, convoqu\u00e9 pour corruption de&hellip;\n","protected":false},"author":2,"featured_media":470563,"comment_status":"","ping_status":"","sticky":false,"template":"","format":"standard","meta":{"footnotes":""},"categories":[1889],"tags":[1111,11,2430,271,272,2757,1777,674,274,1011,27,2428,2756,12,25,2429],"class_list":{"0":"post-470562","1":"post","2":"type-post","3":"status-publish","4":"format-standard","5":"has-post-thumbnail","7":"category-lyon","8":"tag-actu","9":"tag-actualites","10":"tag-auvergne-rhone-alpes","11":"tag-crime","12":"tag-delit-et-contravention","13":"tag-edition-lyon-villeurbanne","14":"tag-eu","15":"tag-europe","16":"tag-faits-divers-justice","17":"tag-fr","18":"tag-france","19":"tag-lyon","20":"tag-lyon-bassin","21":"tag-news","22":"tag-republique-francaise","23":"tag-rhone"},"share_on_mastodon":{"url":"https:\/\/pubeurope.com\/@fr\/115390914484036121","error":""},"_links":{"self":[{"href":"https:\/\/www.europesays.com\/fr\/wp-json\/wp\/v2\/posts\/470562","targetHints":{"allow":["GET"]}}],"collection":[{"href":"https:\/\/www.europesays.com\/fr\/wp-json\/wp\/v2\/posts"}],"about":[{"href":"https:\/\/www.europesays.com\/fr\/wp-json\/wp\/v2\/types\/post"}],"author":[{"embeddable":true,"href":"https:\/\/www.europesays.com\/fr\/wp-json\/wp\/v2\/users\/2"}],"replies":[{"embeddable":true,"href":"https:\/\/www.europesays.com\/fr\/wp-json\/wp\/v2\/comments?post=470562"}],"version-history":[{"count":0,"href":"https:\/\/www.europesays.com\/fr\/wp-json\/wp\/v2\/posts\/470562\/revisions"}],"wp:featuredmedia":[{"embeddable":true,"href":"https:\/\/www.europesays.com\/fr\/wp-json\/wp\/v2\/media\/470563"}],"wp:attachment":[{"href":"https:\/\/www.europesays.com\/fr\/wp-json\/wp\/v2\/media?parent=470562"}],"wp:term":[{"taxonomy":"category","embeddable":true,"href":"https:\/\/www.europesays.com\/fr\/wp-json\/wp\/v2\/categories?post=470562"},{"taxonomy":"post_tag","embeddable":true,"href":"https:\/\/www.europesays.com\/fr\/wp-json\/wp\/v2\/tags?post=470562"}],"curies":[{"name":"wp","href":"https:\/\/api.w.org\/{rel}","templated":true}]}}