{"id":470570,"date":"2025-10-17T18:30:21","date_gmt":"2025-10-17T18:30:21","guid":{"rendered":"https:\/\/www.europesays.com\/fr\/470570\/"},"modified":"2025-10-17T18:30:21","modified_gmt":"2025-10-17T18:30:21","slug":"au-moins-4-000-adherents-les-republicains-ont-rejoint-eric-ciotti","status":"publish","type":"post","link":"https:\/\/www.europesays.com\/fr\/470570\/","title":{"rendered":"au moins 4 000 adh\u00e9rents Les R\u00e9publicains ont rejoint \u00c9ric Ciotti"},"content":{"rendered":"<p class=\"mb-4 text-lg md:leading-8 break-words\">Une offre qu\u2019ils ne pouvaient pas refuser. Au contraire du mena\u00e7ant Don Corleone dans \u00ab\u00a0Le Parrain\u00a0\u00bb, de sommation il n\u2019y a gu\u00e8re dans la proposition de l\u2019UDR (Union des droites pour la R\u00e9publique). L\u2019opportunit\u00e9 en fut saisie avec d\u2019autant plus d\u2019engouement par nombre d\u2019adh\u00e9rents d\u00e9sormais ex-Les R\u00e9publicains.<\/p>\n<p class=\"mb-4 text-lg md:leading-8 break-words\">Depuis hier et <a href=\"https:\/\/www.parismatch.com\/actu\/politique\/motions-de-censure-sebastien-lecornu-sauve-a-lassemblee-258695\" rel=\"nofollow noopener\" target=\"_blank\" data-ylk=\"slk:le refus des d\u00e9put\u00e9s de Laurent Wauquiez de censurer S\u00e9bastien Lecornu malgr\u00e9 la suspension de la r\u00e9forme des retraites;elm:context_link;itc:0;sec:content-canvas\" class=\"link \">le refus des d\u00e9put\u00e9s de Laurent Wauquiez de censurer S\u00e9bastien Lecornu malgr\u00e9 la suspension de la r\u00e9forme des retraites<\/a> introduite dans le projet de loi de finances pour 2026, au moins 4\u00a0000 d\u2019entre eux ont rejoint le jeune parti d\u2019\u00c9ric Ciotti, selon les informations de \u00ab\u00a0Paris Match\u00a0\u00bb. Cela gr\u00e2ce \u00e0 un joli tour de passe-passe.<\/p>\n<p class=\"mb-4 text-lg md:leading-8 break-words\">\u00c0 lire aussi <a href=\"https:\/\/www.parismatch.com\/actu\/politique\/il-ne-souffre-pas-de-letiquette-rn-un-plan-c-comme-ciotti-250419\" rel=\"nofollow noopener\" target=\"_blank\" data-ylk=\"slk:\u00ab Il ne souffre pas de l\u2019\u00e9tiquette RN\u00a0\u00bb : un plan\u00a0C comme Ciotti ?;elm:context_link;itc:0;sec:content-canvas\" class=\"link \">\u00ab Il ne souffre pas de l\u2019\u00e9tiquette RN\u00a0\u00bb : un plan\u00a0C comme Ciotti ? <\/a><\/p>\n<p>Publicit\u00e9<\/p>\n<p>Publicit\u00e9<\/p>\n<p>Publicit\u00e9<\/p>\n<p>Publicit\u00e9<\/p>\n<p class=\"mb-4 text-lg md:leading-8 break-words\">Pour un euro seulement, chaque cotisant LR peut choisir d\u2019adh\u00e9rer \u00e0 la petite formation lib\u00e9rale alli\u00e9e au Rassemblement national, contre vingt euros pour un entrant lambda. Sans qu\u2019il leur soit n\u00e9anmoins r\u00e9clam\u00e9 la preuve de leur pr\u00e9c\u00e9dente affiliation, sinon en la certifiant sur l\u2019honneur.<\/p>\n<p class=\"mb-4 text-lg md:leading-8 break-words\">S\u2019il est impossible d\u2019authentifier l\u2019origine de ces nouveaux adh\u00e9rents, la co\u00efncidence entre l\u2019\u00e9chec de la motion de censure du gouvernement et l\u2019afflux de ceux qui ont rejoint l\u2019UDR laisse songeur. Avant cette vague, le parti d\u2019\u00c9ric Ciotti compt&#8230;<\/p>\n<p class=\"mb-4 text-lg md:leading-8 break-words\"><a href=\"https:\/\/www.parismatch.com\/actu\/politique\/info-paris-match-au-moins-4-000-adherents-les-republicains-ont-rejoint-eric-ciotti-258789?at_medium=affiliate&amp;at_campaign=Yahoo\" rel=\"nofollow noopener\" target=\"_blank\" data-ylk=\"slk:Lire la suite sur ParisMatch;elm:context_link;itc:0;sec:content-canvas\" class=\"link \">Lire la suite sur ParisMatch<\/a><\/p>\n","protected":false},"excerpt":{"rendered":"Une offre qu\u2019ils ne pouvaient pas refuser. Au contraire du mena\u00e7ant Don Corleone dans \u00ab\u00a0Le Parrain\u00a0\u00bb, de sommation&hellip;\n","protected":false},"author":2,"featured_media":470571,"comment_status":"","ping_status":"","sticky":false,"template":"","format":"standard","meta":{"footnotes":""},"categories":[1888],"tags":[1111,1928,11,1927,59414,1777,674,1011,27,59415,12,1926,626,1925,11036,25,11067,59416],"class_list":{"0":"post-470570","1":"post","2":"type-post","3":"status-publish","4":"format-standard","5":"has-post-thumbnail","7":"category-paris","8":"tag-actu","9":"tag-actu-paris","10":"tag-actualites","11":"tag-actualites-paris","12":"tag-don-corleone","13":"tag-eu","14":"tag-europe","15":"tag-fr","16":"tag-france","17":"tag-le-parrain","18":"tag-news","19":"tag-news-paris","20":"tag-paris","21":"tag-paris-news","22":"tag-reforme-des-retraites","23":"tag-republique-francaise","24":"tag-sebastien-lecornu","25":"tag-tour-de-passe-passe"},"share_on_mastodon":{"url":"https:\/\/pubeurope.com\/@fr\/115390934686695418","error":""},"_links":{"self":[{"href":"https:\/\/www.europesays.com\/fr\/wp-json\/wp\/v2\/posts\/470570","targetHints":{"allow":["GET"]}}],"collection":[{"href":"https:\/\/www.europesays.com\/fr\/wp-json\/wp\/v2\/posts"}],"about":[{"href":"https:\/\/www.europesays.com\/fr\/wp-json\/wp\/v2\/types\/post"}],"author":[{"embeddable":true,"href":"https:\/\/www.europesays.com\/fr\/wp-json\/wp\/v2\/users\/2"}],"replies":[{"embeddable":true,"href":"https:\/\/www.europesays.com\/fr\/wp-json\/wp\/v2\/comments?post=470570"}],"version-history":[{"count":0,"href":"https:\/\/www.europesays.com\/fr\/wp-json\/wp\/v2\/posts\/470570\/revisions"}],"wp:featuredmedia":[{"embeddable":true,"href":"https:\/\/www.europesays.com\/fr\/wp-json\/wp\/v2\/media\/470571"}],"wp:attachment":[{"href":"https:\/\/www.europesays.com\/fr\/wp-json\/wp\/v2\/media?parent=470570"}],"wp:term":[{"taxonomy":"category","embeddable":true,"href":"https:\/\/www.europesays.com\/fr\/wp-json\/wp\/v2\/categories?post=470570"},{"taxonomy":"post_tag","embeddable":true,"href":"https:\/\/www.europesays.com\/fr\/wp-json\/wp\/v2\/tags?post=470570"}],"curies":[{"name":"wp","href":"https:\/\/api.w.org\/{rel}","templated":true}]}}