{"id":470572,"date":"2025-10-17T18:31:15","date_gmt":"2025-10-17T18:31:15","guid":{"rendered":"https:\/\/www.europesays.com\/fr\/470572\/"},"modified":"2025-10-17T18:31:15","modified_gmt":"2025-10-17T18:31:15","slug":"marc-jacobs-installe-son-pop-up-joy-aux-galeries-lafayette-a-paris","status":"publish","type":"post","link":"https:\/\/www.europesays.com\/fr\/470572\/","title":{"rendered":"Marc Jacobs installe son pop-up Joy aux Galeries Lafayette \u00e0 Paris"},"content":{"rendered":"<p>\n                                        <b>Traduit par<\/b><br \/>\n                                        <br \/>Cl\u00e9mentine Martin\n                                    <\/p>\n<p>\n                                    <b>Publi\u00e9 le<\/b><br \/>\n                                    <\/p>\n<p>                                        17 octobre 2025<\/p>\n<p class=\"article-content col-md-8 offset-md-1\">\n                                <a class=\"fnwAddLinks\" href=\"https:\/\/be.fashionnetwork.com\/tags-marc-jacobs\" title=\"Marc Jacobs\" target=\"_blank\" rel=\"noopener\">Marc Jacobs<\/a> vient d\u2019inaugurer son nouveau pop-up Joy aux <a class=\"fnwAddLinks\" href=\"https:\/\/be.fashionnetwork.com\/tags-galeries-lafayette\" title=\"Galeries Lafayette\" target=\"_blank\" rel=\"noopener\">Galeries Lafayette<\/a>, au sein du flagship de l\u2019enseigne sur le boulevard Haussmann. Il s\u2019agit du dernier volet d\u2019un projet innovant de capsules successives.<\/p>\n<p><img decoding=\"async\" class=\"news-image\" style=\"width:100%;\" src=\"https:\/\/www.europesays.com\/fr\/wp-content\/uploads\/2025\/10\/374c.jpeg\" alt=\"Le Medium Tote de Marc Jacobs\" loading=\"lazy\"\/>Le Medium Tote de Marc Jacobs &#8211; Marc Jacobs<\/p>\n<p class=\"col-md-8 offset-md-1 article-content--texte\">Les clients qui franchissent les portes du c\u00e9l\u00e8bre grand magasin sont aussit\u00f4t accueillis par un spectaculaire espace circulaire bleu, ponctu\u00e9 de grands p\u00e9tales. Au c\u0153ur de ce \u00ab\u00a0bourgeon\u00a0\u00bb de 30 m\u00e8tres carr\u00e9s, on d\u00e9couvre une collection capsule en \u00e9dition limit\u00e9e pour l\u2019automne\u00a02025. Lumineuse et dynamique, elle explore l\u2019intersection entre l\u2019art et la mode \u00e0 travers un storytelling visuel et un design expressif.<\/p>\n<p>Pour souligner la puissance de la marque Marc Jacobs, les Galeries Lafayette ont d\u00e9di\u00e9 douze vitrines et 42 oriflammes sur leur fa\u00e7ade \u00e0 ce pop-up qui restera ouvert pendant quatre semaines, jusqu\u2019au 11 novembre.<\/p>\n<p class=\"col-md-8 offset-md-1 article-content--texte\">Ce nouvel espace prolonge la c\u00e9l\u00e9bration de Joy tout au long de la saison, avec des collaborations avec les artistes renomm\u00e9s David Shrigley, Derrick Adams et Hattie Stewart.<\/p>\n<p>Marc Jacobs a une longue et riche tradition de collaborations cr\u00e9atives qui ont fait date, depuis Murakami jusqu\u2019\u00e0 Richard Prince lors de son passage chez <a class=\"fnwAddLinks\" href=\"https:\/\/be.fashionnetwork.com\/tags-louis-vuitton\" title=\"Louis Vuitton\" target=\"_blank\" rel=\"noopener\">Louis Vuitton<\/a>, d\u00e9passant souvent le seul cadre de la mode. Cet engagement se traduit aussi dans le projet Joy, o\u00f9 trois artistes contemporains singuliers donnent leur vision du pr\u00eat-\u00e0-porter, des accessoires et des sacs embl\u00e9matiques de la maison.<\/p>\n<p><img decoding=\"async\" class=\"news-image\" style=\"width:100%;\" src=\"https:\/\/www.europesays.com\/fr\/wp-content\/uploads\/2025\/10\/409b.jpeg\" alt=\"Le sac Snapshot de Marc Jacobs\" loading=\"lazy\"\/>Le sac Snapshot de Marc Jacobs &#8211; Marc Jacobs<\/p>\n<p class=\"col-md-8 offset-md-1 article-content--texte\">L\u2019esprit satirique de David Shrigley canalise une absurdit\u00e9 qui d\u00e9clenche le rire. Sa version Joy du c\u00e9l\u00e8bre Tote Marc Jacobs est frapp\u00e9e de l\u2019inscription: \u201cPlease don\u2019t spoil the Joy by Making Stupid Comments\u201d (Ne g\u00e2chez pas notre Joie en faisant des commentaires stupides). D\u2019autres fourre-tout en toile, d\u00e9clin\u00e9s dans les m\u00eames bleus floraux audacieux, sont affich\u00e9s \u00e0 275 euros.<\/p>\n<p>Les g\u00e9om\u00e9tries vibrantes de Derrick Adams c\u00e9l\u00e8brent la couleur et le rythme avec des sweatshirts et des t-shirts chics, propos\u00e9s respectivement \u00e0 155 et 55 euros.<\/p>\n<p>Les fleurs et personnages pop-surr\u00e9alistes de Hattie Stewart insufflent une bouff\u00e9e d\u2019optimisme, d\u00e9clin\u00e9s sur des skateboards et des baskets <a class=\"fnwAddLinks\" href=\"https:\/\/be.fashionnetwork.com\/tags-converse\" title=\"Converse\" target=\"_blank\" rel=\"noopener\">Converse<\/a> psych\u00e9d\u00e9liques ultra-cool. C\u00f4t\u00e9 chaussures, comme l\u2019ensemble de la capsule, les prix sont tr\u00e8s comp\u00e9titifs, affich\u00e9s \u00e0 130 euros.<\/p>\n<p>Et ce n\u2019est pas tout: Marc Jacobs a invit\u00e9 un cercle de marques partageant la m\u00eame vision \u00e0 interpr\u00e9ter la campagne \u00e0 travers leurs propres produits iconiques. Outre Converse, figurent notamment SHUT skateboards, Moleskine et ses coffrets collector d\u2019outils cr\u00e9atifs Crayola premium pour adultes, et Maxbone, avec une gamme d\u2019accessoires de luxe pour animaux de compagnie. Au deuxi\u00e8me \u00e9tage des Galeries Lafayette, un second pop-up Joy comprend m\u00eame une machine \u00e0 boules de gomme.<\/p>\n<p>Les pop-ups Joy ont d\u00e9j\u00e0 fait \u00e9tape \u00e0 New York, Tokyo, Londres et Ath\u00e8nes. Apr\u00e8s Paris, la prochaine destination sera D\u00fcsseldorf.\n                            <\/p>\n<p>\n                                Cet article est une traduction automatique.<br \/>\n                                    <a href=\"https:\/\/ww.fashionnetwork.com\/news\/Marc-jacobs-opens-joy-pop-up-in-galeries-lafayette-paris,1774583.html\" target=\"_blank\" rel=\"noopener\">Cliquez ici<\/a> pour consulter l&rsquo;article d&rsquo;origine.\n                            <\/p>\n<p>\n                                Tous droits de reproduction et de repr\u00e9sentation r\u00e9serv\u00e9s.<br \/>\u00a9 2025 FashionNetwork.com\n                            <\/p>\n","protected":false},"excerpt":{"rendered":"Traduit par Cl\u00e9mentine Martin Publi\u00e9 le 17 octobre 2025 Marc Jacobs vient d\u2019inaugurer son nouveau pop-up Joy aux&hellip;\n","protected":false},"author":2,"featured_media":470573,"comment_status":"","ping_status":"","sticky":false,"template":"","format":"standard","meta":{"footnotes":""},"categories":[1888],"tags":[11,2424,537,59418,2423,1777,674,1011,27,4238,3797,2425,59417,985,12,2298,626,2426,2427,25,2421,2422],"class_list":{"0":"post-470572","1":"post","2":"type-post","3":"status-publish","4":"format-standard","5":"has-post-thumbnail","7":"category-paris","8":"tag-actualites","9":"tag-beaute","10":"tag-contact","11":"tag-converse","12":"tag-cosmetiques","13":"tag-eu","14":"tag-europe","15":"tag-fr","16":"tag-france","17":"tag-galeries-lafayette","18":"tag-louis-vuitton","19":"tag-luxe","20":"tag-marc-jacobs","21":"tag-mode","22":"tag-news","23":"tag-parfum","24":"tag-paris","25":"tag-professionnel","26":"tag-professionnels","27":"tag-republique-francaise","28":"tag-reseau","29":"tag-textile"},"share_on_mastodon":{"url":"https:\/\/pubeurope.com\/@fr\/115390938729460741","error":""},"_links":{"self":[{"href":"https:\/\/www.europesays.com\/fr\/wp-json\/wp\/v2\/posts\/470572","targetHints":{"allow":["GET"]}}],"collection":[{"href":"https:\/\/www.europesays.com\/fr\/wp-json\/wp\/v2\/posts"}],"about":[{"href":"https:\/\/www.europesays.com\/fr\/wp-json\/wp\/v2\/types\/post"}],"author":[{"embeddable":true,"href":"https:\/\/www.europesays.com\/fr\/wp-json\/wp\/v2\/users\/2"}],"replies":[{"embeddable":true,"href":"https:\/\/www.europesays.com\/fr\/wp-json\/wp\/v2\/comments?post=470572"}],"version-history":[{"count":0,"href":"https:\/\/www.europesays.com\/fr\/wp-json\/wp\/v2\/posts\/470572\/revisions"}],"wp:featuredmedia":[{"embeddable":true,"href":"https:\/\/www.europesays.com\/fr\/wp-json\/wp\/v2\/media\/470573"}],"wp:attachment":[{"href":"https:\/\/www.europesays.com\/fr\/wp-json\/wp\/v2\/media?parent=470572"}],"wp:term":[{"taxonomy":"category","embeddable":true,"href":"https:\/\/www.europesays.com\/fr\/wp-json\/wp\/v2\/categories?post=470572"},{"taxonomy":"post_tag","embeddable":true,"href":"https:\/\/www.europesays.com\/fr\/wp-json\/wp\/v2\/tags?post=470572"}],"curies":[{"name":"wp","href":"https:\/\/api.w.org\/{rel}","templated":true}]}}