{"id":470576,"date":"2025-10-17T18:33:17","date_gmt":"2025-10-17T18:33:17","guid":{"rendered":"https:\/\/www.europesays.com\/fr\/470576\/"},"modified":"2025-10-17T18:33:17","modified_gmt":"2025-10-17T18:33:17","slug":"en-slovaquie-robert-fico-un-dirigeant-prorusse-qui-saffirme-liberation","status":"publish","type":"post","link":"https:\/\/www.europesays.com\/fr\/470576\/","title":{"rendered":"En Slovaquie, Robert Fico, un dirigeant prorusse qui s\u2019affirme \u2013 Lib\u00e9ration"},"content":{"rendered":"<p class=\"sc-cPiKLX AiZTS text-element\">Qui est le dirigeant europ\u00e9en le plus poutinophile ? La r\u00e9ponse \u00e0 cette question a longtemps paru \u00e9vidente tant le Premier ministre hongrois, Viktor Orb\u00e1n, donnait des gages de sympathie au Kremlin. Mais depuis <a href=\"https:\/\/www.liberation.fr\/international\/europe\/le-conseil-europeen-premier-test-geopolitique-pour-le-slovaque-robert-fico-20231026_SOAHNZANZRGSBPRM7ZDBCT3Z3Y\/\" target=\"_blank\" rel=\"noopener\">le retour au pouvoir<\/a> de son homologue slovaque, <a href=\"https:\/\/www.liberation.fr\/international\/europe\/legislatives-en-slovaquie-robert-fico-retour-dinfame-20230812_UOS3YELSBZFIPHVPWFRDMBTQWY\/\" target=\"_blank\" rel=\"noopener\">Robert Fico<\/a>, fin 2023, Orb\u00e1n n\u2019est plus seul \u00e0 jouer sur ce cr\u00e9neau. Ces derniers mois, le populiste slovaque a peut-\u00eatre m\u00eame pouss\u00e9 le bouchon plus loin que l\u2019illib\u00e9ral hongrois. Fico a rencontr\u00e9 Vladimir Poutine \u00e0 trois reprises depuis d\u00e9cembre 2024, <a href=\"https:\/\/www.liberation.fr\/international\/europe\/gaz-electricite-la-dispute-energetique-senvenime-entre-la-slovaquie-et-lukraine-20250110_B2Q4YNLFN5BDNFQUUWTBYLP5DI\/\" target=\"_blank\" rel=\"noopener\" title=\"https:\/\/www.liberation.fr\/international\/europe\/gaz-electricite-la-dispute-energetique-senvenime-entre-la-slovaquie-et-lukraine-20250110_B2Q4YNLFN5BDNFQUUWTBYLP5DI\/\">menac\u00e9 l\u2019Ukraine de repr\u00e9sailles \u00e9nerg\u00e9tiques<\/a> et bloque depuis quelques semaines le 19e paquet de sanctions europ\u00e9ennes contre la Russie. <\/p>\n<p class=\"sc-cPiKLX AiZTS text-element\">Quand il a retrouv\u00e9 son si\u00e8ge de Premier ministre en 2023, apr\u00e8s trois pr\u00e9c\u00e9dents mandats dans les ann\u00e9es  <\/p>\n","protected":false},"excerpt":{"rendered":"Qui est le dirigeant europ\u00e9en le plus poutinophile ? La r\u00e9ponse \u00e0 cette question a longtemps paru \u00e9vidente&hellip;\n","protected":false},"author":2,"featured_media":470577,"comment_status":"","ping_status":"","sticky":false,"template":"","format":"standard","meta":{"footnotes":""},"categories":[1591],"tags":[11,1887,12,27897,1885,1886,132,10845,297,364],"class_list":{"0":"post-470576","1":"post","2":"type-post","3":"status-publish","4":"format-standard","5":"has-post-thumbnail","7":"category-russie","8":"tag-actualites","9":"tag-federation-de-russie","10":"tag-news","11":"tag-robert-fico","12":"tag-russia","13":"tag-russian-federation","14":"tag-russie","15":"tag-slovaquie","16":"tag-ukraine-la-crise","17":"tag-union-europeenne"},"share_on_mastodon":{"url":"https:\/\/pubeurope.com\/@fr\/115390946092252073","error":""},"_links":{"self":[{"href":"https:\/\/www.europesays.com\/fr\/wp-json\/wp\/v2\/posts\/470576","targetHints":{"allow":["GET"]}}],"collection":[{"href":"https:\/\/www.europesays.com\/fr\/wp-json\/wp\/v2\/posts"}],"about":[{"href":"https:\/\/www.europesays.com\/fr\/wp-json\/wp\/v2\/types\/post"}],"author":[{"embeddable":true,"href":"https:\/\/www.europesays.com\/fr\/wp-json\/wp\/v2\/users\/2"}],"replies":[{"embeddable":true,"href":"https:\/\/www.europesays.com\/fr\/wp-json\/wp\/v2\/comments?post=470576"}],"version-history":[{"count":0,"href":"https:\/\/www.europesays.com\/fr\/wp-json\/wp\/v2\/posts\/470576\/revisions"}],"wp:featuredmedia":[{"embeddable":true,"href":"https:\/\/www.europesays.com\/fr\/wp-json\/wp\/v2\/media\/470577"}],"wp:attachment":[{"href":"https:\/\/www.europesays.com\/fr\/wp-json\/wp\/v2\/media?parent=470576"}],"wp:term":[{"taxonomy":"category","embeddable":true,"href":"https:\/\/www.europesays.com\/fr\/wp-json\/wp\/v2\/categories?post=470576"},{"taxonomy":"post_tag","embeddable":true,"href":"https:\/\/www.europesays.com\/fr\/wp-json\/wp\/v2\/tags?post=470576"}],"curies":[{"name":"wp","href":"https:\/\/api.w.org\/{rel}","templated":true}]}}