{"id":470580,"date":"2025-10-17T18:35:11","date_gmt":"2025-10-17T18:35:11","guid":{"rendered":"https:\/\/www.europesays.com\/fr\/470580\/"},"modified":"2025-10-17T18:35:11","modified_gmt":"2025-10-17T18:35:11","slug":"ladoption-de-laccord-mondial-sur-la-decarbonation-repoussee-sous-la-pression-des-etats-unis","status":"publish","type":"post","link":"https:\/\/www.europesays.com\/fr\/470580\/","title":{"rendered":"l\u2019adoption de l\u2019accord mondial sur la d\u00e9carbonation repouss\u00e9e sous la pression des Etats-Unis"},"content":{"rendered":"<p>                         <img loading=\"lazy\" decoding=\"async\" src=\"https:\/\/www.europesays.com\/fr\/wp-content\/uploads\/2025\/10\/63a59fa_ftp-import-images-1-blnjjmb2yc9y-5161750-01-06.jpg\" alt=\" Un cargo entre dans le port de Qingdao (Shandong, Chine), le 13\u00a0octobre 2025. \"   width=\"664\" height=\"443\"\/>    Un cargo entre dans le port de Qingdao (Shandong, Chine), le 13\u00a0octobre 2025.  &#8211; \/ AFP                 <\/p>\n<p class=\"article__paragraph  \">Serait-ce le signe d\u2019une diplomatie climatique qui vacille\u00a0? Le m\u00e9canisme de tarification du carbone de l\u2019Organisation maritime internationale (OMI) ne verra peut-\u00eatre finalement pas le jour ou, en tout cas, pas tout de suite. Cette institution sp\u00e9cialis\u00e9e des Nations unies devait adopter vendredi 17\u00a0octobre \u00e0 son si\u00e8ge de Londres un accord visant \u00e0 d\u00e9carboner le transport maritime, qui repr\u00e9sente 3\u00a0% des \u00e9missions mondiales de gaz \u00e0 effet de serre.<\/p>\n<p>   Lire plus tard  <\/p>\n<p class=\"article__paragraph  \">Le principe de cette r\u00e9glementation, aussi appel\u00e9e \u00ab\u00a0cadre net z\u00e9ro\u00a0\u00bb en r\u00e9f\u00e9rence \u00e0 l\u2019objectif de neutralit\u00e9 carbone <a href=\"https:\/\/www.lemonde.fr\/planete\/article\/2023\/07\/07\/climat-le-secteur-maritime-renforce-ses-objectifs-de-decarbonation_6180972_3244.html\" rel=\"nofollow noopener\" target=\"_blank\">que s\u2019est fix\u00e9 le secteur \u00e0 l\u2019horizon 2050<\/a>, avait \u00e9t\u00e9 approuv\u00e9 par une large majorit\u00e9 d\u2019Etats en avril, lors d\u2019une pr\u00e9c\u00e9dente r\u00e9union de l\u2019OMI. Mais, in extremis et suite aux pressions exerc\u00e9es par les Etats-Unis et plusieurs pays producteurs d\u2019hydrocarbures dont l\u2019Arabie saoudite, les discussions portant sur cet ensemble de mesures \u00e9conomiques ont \u00e9t\u00e9\u00a0repouss\u00e9es d\u2019un an. Un total de 57\u00a0Etats se sont prononc\u00e9s en faveur de ce report, trois de plus que le seuil requis, et\u00a049 s\u2019y sont oppos\u00e9s, dont la France et de nombreux membres de l\u2019Union europ\u00e9enne.<\/p>\n<p class=\"reading-mode-only \"><strong>Il vous reste 77.16% de cet article \u00e0 lire. La suite est r\u00e9serv\u00e9e aux abonn\u00e9s.<\/strong><\/p>\n","protected":false},"excerpt":{"rendered":"Un cargo entre dans le port de Qingdao (Shandong, Chine), le 13\u00a0octobre 2025. &#8211; \/ AFP Serait-ce le&hellip;\n","protected":false},"author":2,"featured_media":470581,"comment_status":"","ping_status":"","sticky":false,"template":"","format":"standard","meta":{"footnotes":""},"categories":[1589],"tags":[11,73,1866,12,1864,1865,1863,308],"class_list":{"0":"post-470580","1":"post","2":"type-post","3":"status-publish","4":"format-standard","5":"has-post-thumbnail","7":"category-etats-unis","8":"tag-actualites","9":"tag-etats-unis","10":"tag-etats-unis-damerique","11":"tag-news","12":"tag-united-states","13":"tag-united-states-of-america","14":"tag-us","15":"tag-usa"},"share_on_mastodon":{"url":"https:\/\/pubeurope.com\/@fr\/115390954431209119","error":""},"_links":{"self":[{"href":"https:\/\/www.europesays.com\/fr\/wp-json\/wp\/v2\/posts\/470580","targetHints":{"allow":["GET"]}}],"collection":[{"href":"https:\/\/www.europesays.com\/fr\/wp-json\/wp\/v2\/posts"}],"about":[{"href":"https:\/\/www.europesays.com\/fr\/wp-json\/wp\/v2\/types\/post"}],"author":[{"embeddable":true,"href":"https:\/\/www.europesays.com\/fr\/wp-json\/wp\/v2\/users\/2"}],"replies":[{"embeddable":true,"href":"https:\/\/www.europesays.com\/fr\/wp-json\/wp\/v2\/comments?post=470580"}],"version-history":[{"count":0,"href":"https:\/\/www.europesays.com\/fr\/wp-json\/wp\/v2\/posts\/470580\/revisions"}],"wp:featuredmedia":[{"embeddable":true,"href":"https:\/\/www.europesays.com\/fr\/wp-json\/wp\/v2\/media\/470581"}],"wp:attachment":[{"href":"https:\/\/www.europesays.com\/fr\/wp-json\/wp\/v2\/media?parent=470580"}],"wp:term":[{"taxonomy":"category","embeddable":true,"href":"https:\/\/www.europesays.com\/fr\/wp-json\/wp\/v2\/categories?post=470580"},{"taxonomy":"post_tag","embeddable":true,"href":"https:\/\/www.europesays.com\/fr\/wp-json\/wp\/v2\/tags?post=470580"}],"curies":[{"name":"wp","href":"https:\/\/api.w.org\/{rel}","templated":true}]}}