{"id":470582,"date":"2025-10-17T18:36:19","date_gmt":"2025-10-17T18:36:19","guid":{"rendered":"https:\/\/www.europesays.com\/fr\/470582\/"},"modified":"2025-10-17T18:36:19","modified_gmt":"2025-10-17T18:36:19","slug":"royaume-uni-au-coeur-de-scandales-le-prince-andrew-renonce-a-son-titre-royal-et-a-ses-honneurs","status":"publish","type":"post","link":"https:\/\/www.europesays.com\/fr\/470582\/","title":{"rendered":"Royaume-Uni. Au c\u0153ur de scandales, le prince Andrew renonce \u00e0 son titre royal et \u00e0 ses honneurs"},"content":{"rendered":"<p>Le <a href=\"https:\/\/www.bienpublic.com\/p\/prince-andrew\" target=\"_blank\" rel=\"nofollow noopener\">prince Andrew<\/a>, emp\u00eatr\u00e9 dans des scandales, principalement celui de ses relations avec le criminel sexuel am\u00e9ricain Jeffrey Epstein, a annonc\u00e9 vendredi soir renoncer \u00e0 son titre royal tout en \u00ab niant cat\u00e9goriquement \u00bb les accusations contre lui.<\/p>\n<p>\u00ab Apr\u00e8s avoir discut\u00e9 avec le roi (<a href=\"https:\/\/www.bienpublic.com\/p\/roi-charles-iii\" target=\"_blank\" rel=\"nofollow noopener\">Charles III<\/a>, son fr\u00e8re, ndlr) et ma famille, nous avons conclu que les accusations continuelles \u00e0 mon encontre nuisaient au travail de Sa Majest\u00e9 et de la famille royale. J&rsquo;ai d\u00e9cid\u00e9, comme je l&rsquo;ai toujours fait, de donner la priorit\u00e9 \u00e0 mon devoir envers ma famille et mon pays \u00bb, selon un communiqu\u00e9 du prince.<\/p>\n<p>\u00ab Je n&rsquo;utiliserai plus mon titre ni les honneurs qui lui sont conf\u00e9r\u00e9s \u00bb, poursuit le prince, qui s&rsquo;\u00e9tait d\u00e9j\u00e0 retir\u00e9 de la vie publique il y a cinq ans sous la pression du scandale.<\/p>\n<p>Plus d&rsquo;informations \u00e0 venir&#8230;<\/p>\n","protected":false},"excerpt":{"rendered":"Le prince Andrew, emp\u00eatr\u00e9 dans des scandales, principalement celui de ses relations avec le criminel sexuel am\u00e9ricain Jeffrey&hellip;\n","protected":false},"author":2,"featured_media":470583,"comment_status":"","ping_status":"","sticky":false,"template":"","format":"standard","meta":{"footnotes":""},"categories":[1588],"tags":[11,1777,674,107,329,12,973,473,1853,1851,1850,1852],"class_list":{"0":"post-470582","1":"post","2":"type-post","3":"status-publish","4":"format-standard","5":"has-post-thumbnail","7":"category-royaume-uni","8":"tag-actualites","9":"tag-eu","10":"tag-europe","11":"tag-fil-info","12":"tag-france-monde","13":"tag-news","14":"tag-people","15":"tag-royaume-uni","16":"tag-royaume-uni-de-grande-bretagne-et-dirlande-du-nord","17":"tag-uk","18":"tag-united-kingdom","19":"tag-united-kingdom-of-great-britain-and-northern-ireland"},"share_on_mastodon":{"url":"https:\/\/pubeurope.com\/@fr\/115390957851637061","error":""},"_links":{"self":[{"href":"https:\/\/www.europesays.com\/fr\/wp-json\/wp\/v2\/posts\/470582","targetHints":{"allow":["GET"]}}],"collection":[{"href":"https:\/\/www.europesays.com\/fr\/wp-json\/wp\/v2\/posts"}],"about":[{"href":"https:\/\/www.europesays.com\/fr\/wp-json\/wp\/v2\/types\/post"}],"author":[{"embeddable":true,"href":"https:\/\/www.europesays.com\/fr\/wp-json\/wp\/v2\/users\/2"}],"replies":[{"embeddable":true,"href":"https:\/\/www.europesays.com\/fr\/wp-json\/wp\/v2\/comments?post=470582"}],"version-history":[{"count":0,"href":"https:\/\/www.europesays.com\/fr\/wp-json\/wp\/v2\/posts\/470582\/revisions"}],"wp:featuredmedia":[{"embeddable":true,"href":"https:\/\/www.europesays.com\/fr\/wp-json\/wp\/v2\/media\/470583"}],"wp:attachment":[{"href":"https:\/\/www.europesays.com\/fr\/wp-json\/wp\/v2\/media?parent=470582"}],"wp:term":[{"taxonomy":"category","embeddable":true,"href":"https:\/\/www.europesays.com\/fr\/wp-json\/wp\/v2\/categories?post=470582"},{"taxonomy":"post_tag","embeddable":true,"href":"https:\/\/www.europesays.com\/fr\/wp-json\/wp\/v2\/tags?post=470582"}],"curies":[{"name":"wp","href":"https:\/\/api.w.org\/{rel}","templated":true}]}}