{"id":470584,"date":"2025-10-17T18:37:14","date_gmt":"2025-10-17T18:37:14","guid":{"rendered":"https:\/\/www.europesays.com\/fr\/470584\/"},"modified":"2025-10-17T18:37:14","modified_gmt":"2025-10-17T18:37:14","slug":"un-ukrainien-soupconne-davoir-sabote-le-gazoduc-nord-stream-ne-sera-pas-extrade-vers-lallemagne","status":"publish","type":"post","link":"https:\/\/www.europesays.com\/fr\/470584\/","title":{"rendered":"Un Ukrainien soup\u00e7onn\u00e9 d&rsquo;avoir sabot\u00e9 le gazoduc Nord Stream ne sera pas extrad\u00e9 vers l&rsquo;Allemagne"},"content":{"rendered":"<p>La justice polonaise a refus\u00e9 vendredi de remettre \u00e0 l&rsquo;Allemagne un Ukrainien soup\u00e7onn\u00e9 d&rsquo;avoir particip\u00e9 au sabotage du gazoduc Nord Stream dans la mer Baltique en 2022. Elle a ordonn\u00e9 sa remise en libert\u00e9. \u00ab\u00a0Affaire class\u00e9e\u00a0\u00bb, a comment\u00e9 le Premier ministre polonais Donald Tusk.<\/p>\n<p>\u00ab\u00a0La demande des autorit\u00e9s allemandes visant \u00e0 obtenir l&rsquo;extradition [&#8230;] ne m\u00e9rite pas d&rsquo;\u00eatre prise en consid\u00e9ration\u00a0\u00bb, a d\u00e9clar\u00e9 le juge du tribunal r\u00e9gional de Varsovie, au cours d&rsquo;une audience en pr\u00e9sence du suspect.<\/p>\n<p>Interpell\u00e9 le 30 septembre dans la banlieue de la capitale polonaise, ce plongeur de formation est r\u00e9clam\u00e9 par Berlin en vertu d&rsquo;un mandat d&rsquo;arr\u00eat europ\u00e9en. Selon le parquet f\u00e9d\u00e9ral allemand, il \u00ab\u00a0faisait partie d&rsquo;un groupe d&rsquo;individus qui ont plac\u00e9 des dispositifs explosifs sur les gazoducs Nord Stream 1 et Nord Stream 2 pr\u00e8s de l&rsquo;\u00eele de Bornholm (Danemark) en septembre 2022\u00a0\u00bb.<\/p>\n<p>L&rsquo;avocat de l&rsquo;accus\u00e9 contestait sa remise \u00e0 l&rsquo;Allemagne. Au moment de son interpellation, ce dernier avait accus\u00e9 Gazprom, le propri\u00e9taire du gazoduc, de participer au financement des op\u00e9rations militaires de la Russie.<\/p>\n<p><strong class=\"inline-title\">&gt;&gt; Lire \u00e0 ce sujet\u00a0: <\/strong><a href=\"https:\/\/www.rts.ch\/info\/monde\/2025\/article\/sabotage-de-nord-stream-un-ukrainien-arrete-premiere-avancee-de-l-enquete-28974352.html\" data-item-id=\"richtext_link\" rel=\"nofollow noopener\" target=\"_blank\">L&rsquo;enqu\u00eate sur le sabotage du gazoduc Nord Stream d\u00e9bouche sur l&rsquo;arrestation d&rsquo;un Ukrainien<\/a><\/p>\n<p>Motif jug\u00e9 insuffisant<\/p>\n<p>Vendredi, le juge a insist\u00e9 sur le fait que la proc\u00e9dure ne visait pas \u00e0 d\u00e9terminer la responsabilit\u00e9 du suspect dans les faits reproch\u00e9s mais uniquement si ces faits pouvaient constituer un motif suffisant pour l&rsquo;ex\u00e9cution d&rsquo;un mandat d&rsquo;arr\u00eat europ\u00e9en.<\/p>\n<p>\u00ab\u00a0Le tribunal polonais ne dispose d&rsquo;aucune preuve dans cette affaire, car la partie allemande n&rsquo;a transmis que des informations tr\u00e8s g\u00e9n\u00e9rales\u00a0\u00bb, a-t-il fait valoir.<\/p>\n<p>Tout en soulignant que le tribunal ne disposait pas des \u00e9l\u00e9ments pour savoir si Kiev \u00e9tait le donneur d&rsquo;ordre dans l&rsquo;explosion du gazoduc, il a conclu que les Ukrainiens ne pouvaient \u00eatre consid\u00e9r\u00e9s comme des terroristes ou des saboteurs parce qu'\u00a0\u00bben poursuivant l&rsquo;objectif de d\u00e9fendre leur patrie, ils affaiblissent l&rsquo;ennemi\u00a0\u00bb.<\/p>\n<p><strong class=\"inline-title\">&gt;&gt; Lire aussi\u00a0: <\/strong><a href=\"https:\/\/www.rts.ch\/info\/monde\/2024\/article\/le-sabotage-de-nord-stream-valide-au-plus-haut-niveau-ukrainien-selon-le-wall-street-journal-28599850.html\" data-item-id=\"richtext_link\" rel=\"nofollow noopener\" target=\"_blank\">Le sabotage de Nord Stream valid\u00e9 au plus haut niveau ukrainien, selon le Wall Street Journal<\/a><\/p>\n<p>Quatre fuites de gaz<\/p>\n<p>Le 26 septembre 2022, quatre \u00e9normes fuites de gaz pr\u00e9c\u00e9d\u00e9es d&rsquo;explosions sous-marines avaient eu lieu \u00e0 quelques heures d&rsquo;intervalle sur Nord Stream 1 et 2, des conduites reliant la Russie \u00e0 l&rsquo;Allemagne et transportant l&rsquo;essentiel du gaz russe vers l&rsquo;Europe.<\/p>\n<p><strong class=\"inline-title\">&gt;&gt; Relire\u00a0: <\/strong><a href=\"https:\/\/www.rts.ch\/info\/monde\/13422872-fuites-des-gazoducs-nord-stream-les-differentes-hypotheses-de-sabotage.html\" data-item-id=\"richtext_link\" rel=\"nofollow noopener\" target=\"_blank\">Fuites des gazoducs Nord Stream, les diff\u00e9rentes hypoth\u00e8ses de sabotage<\/a><\/p>\n<p>A cette \u00e9poque, la Russie avait cess\u00e9 de livrer du gaz via Nord Stream 1, sur fond de bras de fer avec les pays europ\u00e9ens alli\u00e9s de l&rsquo;Ukraine. Quant au gazoduc jumeau Nord Stream 2, pomme de discorde entre Berlin et Washington depuis des ann\u00e9es, il n&rsquo;\u00e9tait jamais entr\u00e9 en service.<\/p>\n<p>Apr\u00e8s le sabotage, des enqu\u00eates judiciaires avaient \u00e9t\u00e9 ouvertes par l&rsquo;Allemagne, la Su\u00e8de et le Danemark. Elles ont \u00e9t\u00e9 closes dans ces deux pays scandinaves en 2024.<\/p>\n<p class=\"sources\">afp\/mera<\/p>\n","protected":false},"excerpt":{"rendered":"La justice polonaise a refus\u00e9 vendredi de remettre \u00e0 l&rsquo;Allemagne un Ukrainien soup\u00e7onn\u00e9 d&rsquo;avoir particip\u00e9 au sabotage du&hellip;\n","protected":false},"author":2,"featured_media":470585,"comment_status":"","ping_status":"","sticky":false,"template":"","format":"standard","meta":{"footnotes":""},"categories":[1587],"tags":[11,672,1804,1805,1803,1777,674,1801,74,12,1802],"class_list":{"0":"post-470584","1":"post","2":"type-post","3":"status-publish","4":"format-standard","5":"has-post-thumbnail","7":"category-allemagne","8":"tag-actualites","9":"tag-allemagne","10":"tag-bundesrepublik-deutschland","11":"tag-de","12":"tag-deutschland","13":"tag-eu","14":"tag-europe","15":"tag-germany","16":"tag-monde","17":"tag-news","18":"tag-republique-federale-dallemagne"},"share_on_mastodon":{"url":"https:\/\/pubeurope.com\/@fr\/115390961706922370","error":""},"_links":{"self":[{"href":"https:\/\/www.europesays.com\/fr\/wp-json\/wp\/v2\/posts\/470584","targetHints":{"allow":["GET"]}}],"collection":[{"href":"https:\/\/www.europesays.com\/fr\/wp-json\/wp\/v2\/posts"}],"about":[{"href":"https:\/\/www.europesays.com\/fr\/wp-json\/wp\/v2\/types\/post"}],"author":[{"embeddable":true,"href":"https:\/\/www.europesays.com\/fr\/wp-json\/wp\/v2\/users\/2"}],"replies":[{"embeddable":true,"href":"https:\/\/www.europesays.com\/fr\/wp-json\/wp\/v2\/comments?post=470584"}],"version-history":[{"count":0,"href":"https:\/\/www.europesays.com\/fr\/wp-json\/wp\/v2\/posts\/470584\/revisions"}],"wp:featuredmedia":[{"embeddable":true,"href":"https:\/\/www.europesays.com\/fr\/wp-json\/wp\/v2\/media\/470585"}],"wp:attachment":[{"href":"https:\/\/www.europesays.com\/fr\/wp-json\/wp\/v2\/media?parent=470584"}],"wp:term":[{"taxonomy":"category","embeddable":true,"href":"https:\/\/www.europesays.com\/fr\/wp-json\/wp\/v2\/categories?post=470584"},{"taxonomy":"post_tag","embeddable":true,"href":"https:\/\/www.europesays.com\/fr\/wp-json\/wp\/v2\/tags?post=470584"}],"curies":[{"name":"wp","href":"https:\/\/api.w.org\/{rel}","templated":true}]}}