{"id":470588,"date":"2025-10-17T18:39:18","date_gmt":"2025-10-17T18:39:18","guid":{"rendered":"https:\/\/www.europesays.com\/fr\/470588\/"},"modified":"2025-10-17T18:39:18","modified_gmt":"2025-10-17T18:39:18","slug":"disinfo2025-comment-proteger-la-democratie-que-peut-le-reglement-sur-les-services-numeriques","status":"publish","type":"post","link":"https:\/\/www.europesays.com\/fr\/470588\/","title":{"rendered":"#Disinfo2025: comment prot\u00e9ger la d\u00e9mocratie? Que peut le r\u00e8glement sur les services num\u00e9riques?"},"content":{"rendered":"<p>\n                                                Les plus grandes puissances mondiales -qu\u2019elles soient chinoise ou am\u00e9ricaine- dominent l\u2019espace cyberinformationnel du haut de leurs grandes plateformes Tik Tok, Meta, X et autres YouTube. Elles se trouvent donc en position de force face \u00e0 l\u2019Union europ\u00e9enne, unique organisation \u00e0 tenter de r\u00e9guler leurs activit\u00e9s, afin d\u2019en limiter les abus, en termes de respect des droits fondamentaux. Les textes sont adopt\u00e9s, mais la mise en \u0153uvre ne suit pas. Comment sortir de l&rsquo;impasse ?                    <\/p>\n<p>Cette semaine, cap sur la Slov\u00e9nie qui accueillait la conf\u00e9rence annuelle #Disinfo2025 organis\u00e9e par\u00a0<strong><a target=\"_blank\" href=\"https:\/\/www.disinfo.eu\/\" rel=\"noopener\">EU disinfo Lab<\/a><\/strong>, une organisation \u00e0 l\u2019\u00e9chelle europ\u00e9enne pour contrer la menace informationnelle sous toutes ses formes, tout particuli\u00e8rement celles qui visent les fondements de la D\u00e9mocratie, notamment les processus \u00e9lectoraux.\u00a0<\/p>\n<p>Que fait le r\u00e9gulateur europ\u00e9en ? Nous \u00e9voquerons le r\u00e8glement sur les services num\u00e9riques (RSN) et autres textes que les grandes plateformes bafouent quotidiennement. Pourquoi aujourd\u2019hui les infox, les manipulations de l\u2019information les plus flagrantes, continuent de circuler all\u00e8grement, en violation des textes d\u00e9j\u00e0 adopt\u00e9s ?<\/p>\n<p><strong>Alexandre Alaphilippe<\/strong>, directeur ex\u00e9cutif de EU Disinfo Lab, nous donne un aper\u00e7u du contexte dans lequel s\u2019organise la riposte contre ce fl\u00e9au de la d\u00e9sinformation<\/p>\n<p><strong>Joe Mc Namee<\/strong>, senior policy expert de EU Disinfo Lab, nous livre son analyse sur les textes adopt\u00e9s par l&rsquo;Union europ\u00e9enne. \u00abOn a fait le travail, les textes sont l\u00e0, maintenant il n&rsquo;y a plus qu&rsquo;\u00e0 les mettre en \u0153uvre\u00bb dit-il, sans quoi, affirme-t-il, c&rsquo;est la destruction de la D\u00e9mocratie qui est en jeu, \u00e0 travers la destruction de son espace public<\/p>\n<p><strong>Guillaume Kuster<\/strong>, co-fondateur et PDG de la soci\u00e9t\u00e9 Check First, pr\u00e9sente l&rsquo;initiative\u00a0<strong><a target=\"_blank\" href=\"https:\/\/checkfirst.network\/project\/radar\/\" rel=\"noopener\">RADAR<\/a><\/strong>, pour\u00a0Regulatory Assessment for Digital Services Act Risks, dans le but de faciliter la mise en \u0153uvre du r\u00e8glement sur les services num\u00e9riques.\u00a0<\/p>\n","protected":false},"excerpt":{"rendered":"Les plus grandes puissances mondiales -qu\u2019elles soient chinoise ou am\u00e9ricaine- dominent l\u2019espace cyberinformationnel du haut de leurs grandes&hellip;\n","protected":false},"author":2,"featured_media":470589,"comment_status":"","ping_status":"","sticky":false,"template":"","format":"standard","meta":{"footnotes":""},"categories":[1586],"tags":[11,25758,1777,674,1779,1011,27,41268,18505,41267,74,12,25,938,21170,1778,364],"class_list":{"0":"post-470588","1":"post","2":"type-post","3":"status-publish","4":"format-standard","5":"has-post-thumbnail","7":"category-europe","8":"tag-actualites","9":"tag-education-aux-medias","10":"tag-eu","11":"tag-europe","12":"tag-european-union","13":"tag-fr","14":"tag-france","15":"tag-info-verif","16":"tag-infox","17":"tag-les-dessous-de-linfox","18":"tag-monde","19":"tag-news","20":"tag-republique-francaise","21":"tag-reseaux-sociaux","22":"tag-slovenie","23":"tag-ue","24":"tag-union-europeenne"},"share_on_mastodon":{"url":"https:\/\/pubeurope.com\/@fr\/115390969567120475","error":""},"_links":{"self":[{"href":"https:\/\/www.europesays.com\/fr\/wp-json\/wp\/v2\/posts\/470588","targetHints":{"allow":["GET"]}}],"collection":[{"href":"https:\/\/www.europesays.com\/fr\/wp-json\/wp\/v2\/posts"}],"about":[{"href":"https:\/\/www.europesays.com\/fr\/wp-json\/wp\/v2\/types\/post"}],"author":[{"embeddable":true,"href":"https:\/\/www.europesays.com\/fr\/wp-json\/wp\/v2\/users\/2"}],"replies":[{"embeddable":true,"href":"https:\/\/www.europesays.com\/fr\/wp-json\/wp\/v2\/comments?post=470588"}],"version-history":[{"count":0,"href":"https:\/\/www.europesays.com\/fr\/wp-json\/wp\/v2\/posts\/470588\/revisions"}],"wp:featuredmedia":[{"embeddable":true,"href":"https:\/\/www.europesays.com\/fr\/wp-json\/wp\/v2\/media\/470589"}],"wp:attachment":[{"href":"https:\/\/www.europesays.com\/fr\/wp-json\/wp\/v2\/media?parent=470588"}],"wp:term":[{"taxonomy":"category","embeddable":true,"href":"https:\/\/www.europesays.com\/fr\/wp-json\/wp\/v2\/categories?post=470588"},{"taxonomy":"post_tag","embeddable":true,"href":"https:\/\/www.europesays.com\/fr\/wp-json\/wp\/v2\/tags?post=470588"}],"curies":[{"name":"wp","href":"https:\/\/api.w.org\/{rel}","templated":true}]}}