{"id":47059,"date":"2025-04-23T16:57:11","date_gmt":"2025-04-23T16:57:11","guid":{"rendered":"https:\/\/www.europesays.com\/fr\/47059\/"},"modified":"2025-04-23T16:57:11","modified_gmt":"2025-04-23T16:57:11","slug":"qui-est-ernest-le-doujet-le-jeune-golfeur-cherbourgeois-qui-reve-de-devenir-professionnel","status":"publish","type":"post","link":"https:\/\/www.europesays.com\/fr\/47059\/","title":{"rendered":"Qui est Ernest Le Doujet, le jeune golfeur cherbourgeois qui r\u00eave de devenir professionnel\u00a0?"},"content":{"rendered":"<p>            Par<br \/>\n        <strong><br \/>\n            <a href=\"https:\/\/actu.fr\/auteur\/a-gotthold\" title=\"Consulter tous les articles de Alexis Gotthold\" target=\"_blank\" rel=\"noopener\">Alexis Gotthold<\/a><br \/>\n        <\/strong><\/p>\n<p>        Publi\u00e9 le<\/p>\n<p>            23 avr. 2025 \u00e0 10h39        <\/p>\n<p>Son nom n\u2019est pas encore tr\u00e8s connu dans le microcosme du sport manchois, seulement des sp\u00e9cialistes du <b>golf<\/b>. Mais <b>Ernest Le Doujet <\/b>est en train, petit \u00e0 petit, de faire son trou.<\/p>\n<p class=\" wall-content\">Ce<b> lundi 21\u00a0avril 2025<\/b>, lors du Grand Prix de Caen-la-Mer, le <b>Cherbourgeois de 22\u00a0ans <\/b>a termin\u00e9 \u00e0 la <b>5e place<\/b>, \u00e0 \u00e9galit\u00e9 avec le 3e, et \u00e0 deux petits coups du vainqueur.<\/p>\n<blockquote class=\"ac-article-quote wall-content\">\n<p>D\u2019un c\u00f4t\u00e9, je suis content, parce que j\u2019\u00e9tais 12e apr\u00e8s le 2e jour, et je r\u00e9ussis une belle remont\u00e9e.\u00a0C\u2019est aussi la premi\u00e8re fois que je rends une carte en dessous du par sur une comp\u00e9tition de trois jours. Mais il y a un peu de d\u00e9ception de finir si pr\u00e8s de la victoire.<\/p>\n<p>Ernest Le Doujet<\/p><\/blockquote>\n<p>Une ann\u00e9e pour tenter l\u2019aventure professionnelle<\/p>\n<p class=\" wall-content\">Un <b>succ\u00e8s<\/b>, ce serait une<b> \u00e9tape importante <\/b>dans la carri\u00e8re de celui qui a commenc\u00e9 sur les greens d\u00e8s l\u2019\u00e2ge de 7\u00a0ans, compl\u00e8tement par hasard. \u00ab\u2009Dans ma famille, personne ne fait du golf, rembobine-t-il. Mais un \u00e9t\u00e9, on avait pass\u00e9 des vacances \u00e0 l\u2019h\u00f4tel du golf de <a href=\"https:\/\/actu.fr\/nouvelle-aquitaine\/biarritz_64122\" target=\"_blank\" rel=\"noopener\">Biarritz<\/a> et, quand on est rentr\u00e9, j\u2019ai dit \u00e0 mes parents que je voulais essayer.\u2009\u00bb<\/p>\n<p class=\" wall-content\">Le gar\u00e7on n\u2019a pas mordu dans la m\u00eame passion que celle de son p\u00e8re, le cyclisme, auquel il s\u2019est essay\u00e9, mais bien dans la petite balle blanche\u2009: \u00ab\u2009J\u2019ai ador\u00e9 tout de suite\u2009\u00bb.<\/p>\n<p class=\" wall-content\">Au contact d\u2019<b>Arnaud Lagniel<\/b> \u2013 qui continue de le suivre encore aujourd\u2019hui \u2013 au Golf club de <a href=\"https:\/\/actu.fr\/normandie\/cherbourg-en-cotentin_50129\" target=\"_blank\" rel=\"noopener\">Cherbourg<\/a>, il d\u00e9veloppe son app\u00e9tence pour la discipline, au point de faire un<b> sport-\u00e9tudes<\/b> \u00e0 <a href=\"https:\/\/actu.fr\/occitanie\/montpellier_34172\" target=\"_blank\" rel=\"noopener\">Montpellier<\/a>. \u00ab\u2009Ce fut une <b>bonne exp\u00e9rience<\/b>, mais je n\u2019ai finalement pas beaucoup progress\u00e9 l\u00e0-bas, et j\u2019ai d\u00e9cid\u00e9 de revenir \u00e0 Cherbourg.\u2009\u00bb<\/p>\n<p class=\" wall-content\">Une fois son bac en poche, il se lance dans une<b> carri\u00e8re de menuisier<\/b>, tout en continuant le golf. Cette ann\u00e9e, toutefois, il a d\u00e9cid\u00e9 de<b> se donner les moyens d\u2019atteindre son r\u00eave<\/b>\u2009: <b>devenir professionnel<\/b>. \u00ab\u2009Mes parents me poussent dans ce sens, et j\u2019ai aussi beaucoup de proches qui me disaient depuis longtemps qu\u2019il fallait que je tente ma chance\u2009\u00bb, explique le<b> 235e joueur fran\u00e7ais<\/b>.<\/p>\n<blockquote class=\"ac-article-quote wall-content\">\n<p>En fin d\u2019ann\u00e9e derni\u00e8re, j\u2019ai commenc\u00e9 \u00e0 me mettre dans le bain, j\u2019ai fait quatre tournois et j\u2019en ai remport\u00e9 un. J\u2019ai vu qu\u2019avec du travail et de l\u2019entra\u00eenement, je pouvais faire de belles choses.<\/p>\n<p>Ernest Le Doujet<\/p><\/blockquote>\n<p class=\" wall-content\">D\u00e9sormais, il <b>encha\u00eene swings et putts six fois par semaine<\/b>, contre une \u00e0 deux auparavant, et suit une <b>pr\u00e9paration physique <\/b>aupr\u00e8s de <a href=\"https:\/\/actu.fr\/normandie\/cherbourg-en-cotentin_50129\/voici-quelques-conseils-avant-de-se-remettre-a-la-course-a-pied_61563572.html\" target=\"_blank\" rel=\"noopener\">Yoann Laff\u00e9ach<\/a>.<\/p>\n<p class=\" wall-content\">\u00ab\u2009Ce n\u2019est pas une surprise pour nous, note Jacques Largou\u00ebt, le pr\u00e9sident du Golf club de Cherbourg, un club qui a d\u00e9cid\u00e9 de le soutenir dans sa d\u00e9marche. Il a fait toutes les <b>s\u00e9lections r\u00e9gionales<\/b>. On sait qu\u2019il a les moyens de montrer le bout de son nez, et on serait tr\u00e8s fier, puisque ce serait le r\u00e9sultat de la formation cherbourgeoise\u2009\u00bb.<\/p>\n<p class=\" wall-content\">Pour pr\u00e9tendre int\u00e9grer le circuit Alps Tour, la 3e division europ\u00e9enne, il doit s\u2019imposer sur une comp\u00e9tition de trois jours, ce qui lui donnera un classement mondial, et passer les cartes en octobre et novembre. Ce qui lui laisse encore un peu de temps\u2009: \u00ab\u2009Ce n\u2019est que mon 3e tournoi de l\u2019ann\u00e9e, il m\u2019en reste 15.\u2009\u00bb Il repart d\u00e8s jeudi 24\u00a0avril en qu\u00eate de ce Graal pour l\u2019un des \u00e9v\u00e9nements de l\u2019ann\u00e9e, le Grand Prix de Fontainebleau.<\/p>\n<p class=\" wall-content\">Suivez toute l\u2019actualit\u00e9 de vos villes et m\u00e9dias favoris en vous inscrivant \u00e0 <a href=\"https:\/\/moncompte.actu.fr\" title=\"D\u00e9couvez Mon Actu\" rel=\"nofollow noopener\" data-trk=\"{&quot;cta&quot;:{&quot;action&quot;:&quot;https:\\\/\\\/moncompte.actu.fr&quot;,&quot;category&quot;:&quot;mon compte&quot;,&quot;from&quot;:&quot;article footer&quot;,&quot;name&quot;:&quot;Mon actu&quot;,&quot;type&quot;:&quot;cta&quot;}}\" target=\"_blank\">Mon Actu<\/a>.<\/p>\n<ul class=\"ac-article-tag wall-content\">\n<li><a href=\"https:\/\/actu.fr\/tag\/associations-a-cherbourg\" data-trk=\"{&quot;cta&quot;:{&quot;action&quot;:&quot;Associations \\u00e0 Cherbourg&quot;,&quot;category&quot;:&quot;tag&quot;,&quot;from&quot;:&quot;article footer&quot;,&quot;name&quot;:&quot;Associations \\u00e0 Cherbourg&quot;,&quot;type&quot;:&quot;cta&quot;}}\" target=\"_blank\" rel=\"noopener\">#Associations \u00e0 Cherbourg<\/a><\/li>\n<li><a href=\"https:\/\/actu.fr\/tag\/cotentin\" data-trk=\"{&quot;cta&quot;:{&quot;action&quot;:&quot;Cotentin&quot;,&quot;category&quot;:&quot;tag&quot;,&quot;from&quot;:&quot;article footer&quot;,&quot;name&quot;:&quot;Cotentin&quot;,&quot;type&quot;:&quot;cta&quot;}}\" target=\"_blank\" rel=\"noopener\">#Cotentin<\/a><\/li>\n<\/ul>\n","protected":false},"excerpt":{"rendered":"Par Alexis Gotthold Publi\u00e9 le 23 avr. 2025 \u00e0 10h39 Son nom n\u2019est pas encore tr\u00e8s connu dans&hellip;\n","protected":false},"author":2,"featured_media":47060,"comment_status":"","ping_status":"","sticky":false,"template":"","format":"standard","meta":{"footnotes":""},"categories":[1418],"tags":[8945,3168,1011,27,1472,60],"class_list":{"0":"post-47059","1":"post","2":"type-post","3":"status-publish","4":"format-standard","5":"has-post-thumbnail","7":"category-golf","8":"tag-associations-a-cherbourg","9":"tag-cotentin","10":"tag-fr","11":"tag-france","12":"tag-golf","13":"tag-sports"},"share_on_mastodon":{"url":"https:\/\/pubeurope.com\/@fr\/114388339667890433","error":""},"_links":{"self":[{"href":"https:\/\/www.europesays.com\/fr\/wp-json\/wp\/v2\/posts\/47059","targetHints":{"allow":["GET"]}}],"collection":[{"href":"https:\/\/www.europesays.com\/fr\/wp-json\/wp\/v2\/posts"}],"about":[{"href":"https:\/\/www.europesays.com\/fr\/wp-json\/wp\/v2\/types\/post"}],"author":[{"embeddable":true,"href":"https:\/\/www.europesays.com\/fr\/wp-json\/wp\/v2\/users\/2"}],"replies":[{"embeddable":true,"href":"https:\/\/www.europesays.com\/fr\/wp-json\/wp\/v2\/comments?post=47059"}],"version-history":[{"count":0,"href":"https:\/\/www.europesays.com\/fr\/wp-json\/wp\/v2\/posts\/47059\/revisions"}],"wp:featuredmedia":[{"embeddable":true,"href":"https:\/\/www.europesays.com\/fr\/wp-json\/wp\/v2\/media\/47060"}],"wp:attachment":[{"href":"https:\/\/www.europesays.com\/fr\/wp-json\/wp\/v2\/media?parent=47059"}],"wp:term":[{"taxonomy":"category","embeddable":true,"href":"https:\/\/www.europesays.com\/fr\/wp-json\/wp\/v2\/categories?post=47059"},{"taxonomy":"post_tag","embeddable":true,"href":"https:\/\/www.europesays.com\/fr\/wp-json\/wp\/v2\/tags?post=47059"}],"curies":[{"name":"wp","href":"https:\/\/api.w.org\/{rel}","templated":true}]}}