{"id":470597,"date":"2025-10-17T18:45:15","date_gmt":"2025-10-17T18:45:15","guid":{"rendered":"https:\/\/www.europesays.com\/fr\/470597\/"},"modified":"2025-10-17T18:45:15","modified_gmt":"2025-10-17T18:45:15","slug":"direct-asbh-valence-romans-beziers-paye-son-indiscipline-depuis-la-reprise-avec-un-carton-jaune-et-des-visiteurs-qui-sechappent","status":"publish","type":"post","link":"https:\/\/www.europesays.com\/fr\/470597\/","title":{"rendered":"DIRECT ASBH \u2013 Valence-Romans\u00a0: B\u00e9ziers paye son indiscipline depuis la reprise avec un carton jaune et des visiteurs qui s\u2019\u00e9chappent"},"content":{"rendered":"<p>\n                                                                Pour la reprise de la Pro D2, B\u00e9ziers accueille Valence-Romans au stade Raoul-Barri\u00e8re lors de la 7e journ\u00e9e, ce vendredi 17\u00a0octobre \u00e0 19\u00a0h\u00a030.\n                            <\/p>\n<p>B\u00e9ziers d\u00e9marre ce 2e bloc de la saison (5 rencontres jusqu\u2019\u00e0 mi-novembre) par la r\u00e9ception de Valence-Romans. Surprenant 6e, avec un succ\u00e8s \u00e0 l\u2019ext\u00e9rieur, les Dr\u00f4mois avancent dans l\u2019H\u00e9rault avec la ferme intention de rester dans le haut du panier de cette Pro D2.<\/p>\n<p>De son c\u00f4t\u00e9, B\u00e9ziers a assur\u00e9 \u00e0 domicile avec trois succ\u00e8s bonifi\u00e9s. Par contre, les d\u00e9placements sont plus compliqu\u00e9s et seul<a href=\"https:\/\/www.midilibre.fr\/2025\/09\/25\/direct-agen-asbh-beziers-doit-apprendre-a-voyager-pour-regarder-vers-le-haut-ce-jeudi-a-21-h-12952293.php\" target=\"_blank\" rel=\"nofollow noopener\"> le dernier voyage \u00e0 Agen<\/a> aurait pu rapporter quelque chose. Dans ce nouveau bloc de rencontres, B\u00e9ziers \u00e0 la chance de recevoir 3 fois pour 2 d\u00e9placements.<\/p>\n<p>Poursuivre la s\u00e9rie \u00e0 domicile<\/p>\n<p>Les r\u00e9ceptions de Colomiers (leader avant le d\u00e9but de la 7e journ\u00e9e) et de Brive seront d\u00e9terminantes pour \u00e9valuer les ambitions biterroises cette saison. Le d\u00e9placement \u00e0 Grenoble sera tout aussi important.<\/p>\n<p>Le coach Teague doit se passer d\u2019Eru, du capitaine Doumenc et de Koevort. Ainsi, Benoy assurera le capitanat tandis que Labat conna\u00eetra sa premi\u00e8re titularisation \u00e0 l\u2019arri\u00e8re. <a href=\"https:\/\/www.midilibre.fr\/2025\/10\/17\/asbh-marques-ancely-domenc-amrouni-ces-tauliers-du-club-qui-tiennent-la-baraque-a-beziers-12991866.php\" target=\"_blank\" rel=\"nofollow noopener\">Marques, indispensable<\/a> depuis le d\u00e9but de la saison, disputera son 50e match sous les couleurs biterroises.<\/p>\n<blockquote data-class=\"twitter-tweet\">\n<p lang=\"fr\" dir=\"ltr\">? ?? ????? \u2694<br \/>Les ?? ?? pour le face \u00e0 face contre les damiers du VRDR demain soir \u00e0 Raoul-Barri\u00e8re.<\/p>\n<p>? 50e match sous nos couleurs pour Samuel MARQUES ?<br \/>? Premi\u00e8re titularisation \u00e0 seulement 19 ans pour Tim\u00e9o LABAT ?<a href=\"https:\/\/twitter.com\/hashtag\/AquiEsBesiers?src=hash&amp;ref_src=twsrc%5Etfw\" rel=\"nofollow noopener\" target=\"_blank\">#AquiEsBesiers<\/a> <a href=\"https:\/\/twitter.com\/hashtag\/ASBH?src=hash&amp;ref_src=twsrc%5Etfw\" rel=\"nofollow noopener\" target=\"_blank\">#ASBH<\/a> <a href=\"https:\/\/t.co\/S04HRWa8Kd\" rel=\"nofollow\">pic.twitter.com\/S04HRWa8Kd<\/a><\/p>\n<p>\u2014 ASBH Officiel (@ASBHOfficiel) <a href=\"https:\/\/twitter.com\/ASBHOfficiel\/status\/1978853955787428169?ref_src=twsrc%5Etfw\" rel=\"nofollow noopener\" target=\"_blank\">October 16, 2025<\/a><\/p><\/blockquote>\n<p><strong>Un match \u00e0 suivre en direct comment\u00e9 ici\u00a0:<\/strong><\/p>\n<p>                                                                                                                                                                                                        <script async src=\"https:\/\/platform.twitter.com\/widgets.js\" charset=\"utf-8\"><\/script><\/p>\n","protected":false},"excerpt":{"rendered":"Pour la reprise de la Pro D2, B\u00e9ziers accueille Valence-Romans au stade Raoul-Barri\u00e8re lors de la 7e journ\u00e9e,&hellip;\n","protected":false},"author":2,"featured_media":470598,"comment_status":"","ping_status":"","sticky":false,"template":"","format":"standard","meta":{"footnotes":""},"categories":[1416],"tags":[1011,27,479,1468,60],"class_list":{"0":"post-470597","1":"post","2":"type-post","3":"status-publish","4":"format-standard","5":"has-post-thumbnail","7":"category-rugby","8":"tag-fr","9":"tag-france","10":"tag-rugby","11":"tag-rugby-football","12":"tag-sports"},"share_on_mastodon":{"url":"https:\/\/pubeurope.com\/@fr\/115390993173343375","error":""},"_links":{"self":[{"href":"https:\/\/www.europesays.com\/fr\/wp-json\/wp\/v2\/posts\/470597","targetHints":{"allow":["GET"]}}],"collection":[{"href":"https:\/\/www.europesays.com\/fr\/wp-json\/wp\/v2\/posts"}],"about":[{"href":"https:\/\/www.europesays.com\/fr\/wp-json\/wp\/v2\/types\/post"}],"author":[{"embeddable":true,"href":"https:\/\/www.europesays.com\/fr\/wp-json\/wp\/v2\/users\/2"}],"replies":[{"embeddable":true,"href":"https:\/\/www.europesays.com\/fr\/wp-json\/wp\/v2\/comments?post=470597"}],"version-history":[{"count":0,"href":"https:\/\/www.europesays.com\/fr\/wp-json\/wp\/v2\/posts\/470597\/revisions"}],"wp:featuredmedia":[{"embeddable":true,"href":"https:\/\/www.europesays.com\/fr\/wp-json\/wp\/v2\/media\/470598"}],"wp:attachment":[{"href":"https:\/\/www.europesays.com\/fr\/wp-json\/wp\/v2\/media?parent=470597"}],"wp:term":[{"taxonomy":"category","embeddable":true,"href":"https:\/\/www.europesays.com\/fr\/wp-json\/wp\/v2\/categories?post=470597"},{"taxonomy":"post_tag","embeddable":true,"href":"https:\/\/www.europesays.com\/fr\/wp-json\/wp\/v2\/tags?post=470597"}],"curies":[{"name":"wp","href":"https:\/\/api.w.org\/{rel}","templated":true}]}}