{"id":470599,"date":"2025-10-17T18:46:10","date_gmt":"2025-10-17T18:46:10","guid":{"rendered":"https:\/\/www.europesays.com\/fr\/470599\/"},"modified":"2025-10-17T18:46:10","modified_gmt":"2025-10-17T18:46:10","slug":"corentin-moutet-se-sort-du-piege-jan-lennard-struff-en-deux-sets-et-rejoint-les-demi-finales-a-almaty-lequipe","status":"publish","type":"post","link":"https:\/\/www.europesays.com\/fr\/470599\/","title":{"rendered":"Corentin Moutet se sort du pi\u00e8ge Jan-Lennard Struff en deux sets et rejoint les demi-finales \u00e0 Almaty &#8211; L&#039;\u00c9quipe"},"content":{"rendered":"<ol>\n<li><a href=\"https:\/\/news.google.com\/rss\/articles\/CBMi5AFBVV95cUxNMEZQeVVUaUFXNHlpcXo5WUIxaW05RVlfMm1oRzdfOEhndWNzQmlNbFhMZzNZWXNybXBXTjZLMGYwMG15WnBSTlVOYkg1NzlNUWtzTlZyd3ltallrcmtIaXU1QVVWMW1HT3FFTHRxbVRFVUFDMHRsNTBBVjhkNkV1NlN2N2czSWJnaVBLV3hwRmdsVmF3Ylh4NDZPenItZ0dLRDRJZTZPQ25pZXlhQjFES2FLZzNSY3l5RDNra09WQzZ1SlpsaWpYd3FoTFRjam5adkRJQXFQTmppd283a2pDcVRkYjM?oc=5\" target=\"_blank\" rel=\"nofollow noopener\">Corentin Moutet se sort du pi\u00e8ge Jan-Lennard Struff en deux sets et rejoint les demi-finales \u00e0 Almaty<\/a>&nbsp;&nbsp;L&rsquo;\u00c9quipe<\/li>\n<li><a href=\"https:\/\/news.google.com\/rss\/articles\/CBMi_gFBVV95cUxOTm5LYkdIdFNoaXB2YnVJbzBtR0luVHY5TU0zQWJxZWQwYnZiZXZrbl8xdjJHaDI4WW9xMWRvRjd2Vl8wYjJ1azhmVUFQOUhzMy05VmpzckttYjAwckg3MkhLSm5JVGNqamJoOGZQbjhmWFVEWFdaRWp4UGpRcmpXYjdQWlRZdTBJRk9wQkZuQ2t3SlJKckVQQ3gtZ19XY1NlaGxiT2hQU0JFWWJMWWwyNm5fSEhDRXl6Wm5jY1p5SjlMcndmWGFPdHZJVmVkYXY1OThPWlhwUExKeHFWd3VuQnNnb0xZeUEyRnNqQndGazdoWlA0Q3MzT0xBLTZZQQ?oc=5\" target=\"_blank\" rel=\"nofollow noopener\">Une demie pour Moutet<\/a>&nbsp;&nbsp;Eurosport<\/li>\n<li><a href=\"https:\/\/news.google.com\/rss\/articles\/CBMirgFBVV95cUxOUDVub1ZsZWN6d2FDdWJrS1FuZGVLdkQ4bEpYaS1yWW8zMkxoTTdCdGwwOERQSlQ2MWxTVzh6Nk40NE11S0FHWlpqRVl1MVhURFRpcDI0Ni1lcUI1MDZDLVNnelFFYVZNdU5nclNTeG1hT3BtNzlsSkF0RXdPRDlHV1VMY2JzUERqM1YzbjVfaDl1Z25TeldQUllhSG5EYm5id2E1cFNYclF6M01hOXc?oc=5\" target=\"_blank\" rel=\"nofollow noopener\">Tennis : Moutet domine Struff et rejoint le dernier carr\u00e9 \u00e0 Almaty<\/a>&nbsp;&nbsp;Le Figaro<\/li>\n<li><a href=\"https:\/\/news.google.com\/rss\/articles\/CBMiogFBVV95cUxNLXBQeHZ1SjlfVDJSUVJWcDBUWjVHY3A3dlJEdTR5dVlGakc0Vk5jOWxwcVVNZlNfenk0dVNnVTRVWHQtNzQ2WnExNm02T2l0QlJKMjhZQVRtSFBoVkxnR3ktZXdJU2lZaHBNQ0pfOXFpNWticTVSbk1qSWhUenJ4ZzBENG5HWFRyZzB5MEd2cXN2aGppbFF0cDZMbDZPdEtQZkE?oc=5\" target=\"_blank\" rel=\"nofollow noopener\">Almaty &#8211; Moutet se sort du pi\u00e8ge Shevchenko<\/a>&nbsp;&nbsp;Orange Actualit\u00e9s | Sports<\/li>\n<li><a href=\"https:\/\/news.google.com\/rss\/articles\/CBMiygFBVV95cUxQMVN5NEtDaDljaDFUUmhpU2x4NFBwcmZfV2JiNzJaakpJVUwtWnBfNU9QR0dCaDJtYkxFQzYtZG1UZVhiWWhVVG1zamJicUI0RGszNlJGX2xuZ2o0N3FOa1lZREtlYkZ1dng0cWE0em5rd1lFbk1WQTl0eURKWFM0WlI5SFZKZ09aM0l4QnRzcUxBdXM1S0VEbmt6SFk5aXlUeXpGNWJKYWpxQnNrTTF2SDdHTnE2alBCNzNEUm1mQS1BbVl1bHk2UkpB?oc=5\" target=\"_blank\" rel=\"nofollow noopener\">Corentin Moutet \u00e9carte Bernard Tomic au premier tour de l&rsquo;ATP 250 d&rsquo;Almaty<\/a>&nbsp;&nbsp;MSN<\/li>\n<\/ol>\n","protected":false},"excerpt":{"rendered":"Corentin Moutet se sort du pi\u00e8ge Jan-Lennard Struff en deux sets et rejoint les demi-finales \u00e0 Almaty&nbsp;&nbsp;L&rsquo;\u00c9quipe Une&hellip;\n","protected":false},"author":2,"featured_media":470600,"comment_status":"","ping_status":"","sticky":false,"template":"","format":"standard","meta":{"footnotes":""},"categories":[1415],"tags":[1011,27,60,1467],"class_list":{"0":"post-470599","1":"post","2":"type-post","3":"status-publish","4":"format-standard","5":"has-post-thumbnail","7":"category-tennis","8":"tag-fr","9":"tag-france","10":"tag-sports","11":"tag-tennis"},"share_on_mastodon":{"url":"https:\/\/pubeurope.com\/@fr\/115390996962877213","error":""},"_links":{"self":[{"href":"https:\/\/www.europesays.com\/fr\/wp-json\/wp\/v2\/posts\/470599","targetHints":{"allow":["GET"]}}],"collection":[{"href":"https:\/\/www.europesays.com\/fr\/wp-json\/wp\/v2\/posts"}],"about":[{"href":"https:\/\/www.europesays.com\/fr\/wp-json\/wp\/v2\/types\/post"}],"author":[{"embeddable":true,"href":"https:\/\/www.europesays.com\/fr\/wp-json\/wp\/v2\/users\/2"}],"replies":[{"embeddable":true,"href":"https:\/\/www.europesays.com\/fr\/wp-json\/wp\/v2\/comments?post=470599"}],"version-history":[{"count":0,"href":"https:\/\/www.europesays.com\/fr\/wp-json\/wp\/v2\/posts\/470599\/revisions"}],"wp:featuredmedia":[{"embeddable":true,"href":"https:\/\/www.europesays.com\/fr\/wp-json\/wp\/v2\/media\/470600"}],"wp:attachment":[{"href":"https:\/\/www.europesays.com\/fr\/wp-json\/wp\/v2\/media?parent=470599"}],"wp:term":[{"taxonomy":"category","embeddable":true,"href":"https:\/\/www.europesays.com\/fr\/wp-json\/wp\/v2\/categories?post=470599"},{"taxonomy":"post_tag","embeddable":true,"href":"https:\/\/www.europesays.com\/fr\/wp-json\/wp\/v2\/tags?post=470599"}],"curies":[{"name":"wp","href":"https:\/\/api.w.org\/{rel}","templated":true}]}}