{"id":470601,"date":"2025-10-17T18:48:15","date_gmt":"2025-10-17T18:48:15","guid":{"rendered":"https:\/\/www.europesays.com\/fr\/470601\/"},"modified":"2025-10-17T18:48:15","modified_gmt":"2025-10-17T18:48:15","slug":"marc-marquez-pourrait-reprendre-la-competition-au-grand-prix-de-valence-de-motogp-lequipe","status":"publish","type":"post","link":"https:\/\/www.europesays.com\/fr\/470601\/","title":{"rendered":"Marc Marquez pourrait reprendre la comp\u00e9tition au Grand Prix de Valence de MotoGP &#8211; L&#039;\u00c9quipe"},"content":{"rendered":"<ol>\n<li><a href=\"https:\/\/news.google.com\/rss\/articles\/CBMixwFBVV95cUxOX3dfT0sySkpISnlSS05JVlRydXNmMUxaMjdzQWl4TFB5OEtNM1Y3elFnY2N2TGdjQzhVLTdxTDJfaG9iQ2NGTUNIaHkwcWhZY0V6ZUF1UWtaN2dpT29kQlhHOUtsSkhpWW1VNzhTUDFyQWc4MzJ0OExST1BIXzNrbFg5T216WkFsYVpCUnY2UUxpLTlyUmNVVkJXcU4xaFZtakVWTW5uVDEtTDRsZXNoNXUyazQwazU2RkJYWURhak80aTl2eUhJ?oc=5\" target=\"_blank\" rel=\"noopener\">Marc Marquez pourrait reprendre la comp\u00e9tition au Grand Prix de Valence de MotoGP<\/a>&nbsp;&nbsp;L&rsquo;\u00c9quipe<\/li>\n<li><a href=\"https:\/\/news.google.com\/rss\/articles\/CBMijwJBVV95cUxQbUpJMXdYX185WjcwUjd4eURoY0FxYm10TExDNC1STDlGT3IwN2NfcV9CbU1qLXc2QXZBWl9EY2VuRVM1enRrTmFGOElDQTR2bi1MNzRxNU5uSUdISFEwSHFCNllHbEV6NTgwdGRwV1dnMlQwZlhrTV9yZ2tlRURTNGg1bDlaa2p2NGlGZjN3SWVQUE1SWUJJSXhiS0swejV3eV9ycEV0TVRYRnQ0cFFmN29idmtwbDJ1Y3pWUGUxMEhTRjlBdGVfaFRHbmduanNIUm5VRjZvYWludGFYSGotOVZGdGEyWlhPU0FnWHRUanItMnJrMXV6VzVQUWZPYzF5bVlfdnU2T1JPbjVzTEdv?oc=5\" target=\"_blank\" rel=\"noopener\">Grand Prix d&rsquo;Australie \u2502Le MotoGP lance son sprint final sans son champion Marc Marquez (Ducati)<\/a>&nbsp;&nbsp;Eurosport<\/li>\n<li><a href=\"https:\/\/news.google.com\/rss\/articles\/CBMilAFBVV95cUxQZjdjYURodXJLNEdLMmRvcGliUm1NeFVwRkpVcDUwUkVJU0JkTFRQazViNlBpd3VqQWRuR3JzaXlTcGxoX2UzWEdVTTlSd3I1WFVneFh3X1RGaXlEcHhabWhzaDBGdVRyZ0tnRWQ1OTlUOXVhMHpIUF9fdGtaVnVPSG1GRWd6Z0tFckVqaVcwRGVDTWZT?oc=5\" target=\"_blank\" rel=\"noopener\">Ducati envisage de remplacer M\u00e1rquez par Bulega \u00e0 Portim\u00e3o<\/a>&nbsp;&nbsp;Motorsport.com<\/li>\n<li><a href=\"https:\/\/news.google.com\/rss\/articles\/CBMi0wFBVV95cUxNdFRXdjFodWNRVVVIWUI3RkpiUmNzRzJCeUJQSDFYdDZQWGVaNVBhMm1XZmJweXI4UEM0TloxM2NoNmZ0MzhIRUVkT3pDOWJNTl9TbjlDM1VwOE5JWlYyeHphZHh0RnB2WHVpVHRTclNxQTY5VG9veTBTNV9URjE5ZXJwRjRFZXFuWHN0Nk1DSUJLVWNKcDZIZWdSb0J3cDRMRjF0MWJScHdwVEwxWmtTMk1TYlJKalZLT0VndWRienV3cmVyWEQ0eWxTcUJFeklodTRZ?oc=5\" target=\"_blank\" rel=\"noopener\">MotoGP, Davide Tardozzi : \u00ab\u00a0la blessure de Marc Marquez est assez grave mais nous esp\u00e9rons son retour pour Valence\u00a0\u00bb<\/a>&nbsp;&nbsp;Paddock GP<\/li>\n<li><a href=\"https:\/\/news.google.com\/rss\/articles\/CBMikgJBVV95cUxNSHZVUDZMZElPM1JxQnBwaGthWk1fa0w2bld4YjdibjdUaWhjZVp6UGtiakx1RkpmZUptR3oyVkI0dGQwMmpYdHVlTXdVOHpIanNJRHI4RzB1ZHFEelRveG9JVTQ0cTJQY0JIU0tsbTBiQWIzV3R6ejgxbTh0T0U2U1VEckVPZk5GWjE5WG9DZVMwOGlMc0o4QlhMU0VpbEhCVlY2U1BLSm10QTZvdE12WlZSWF9RRUxFNVJCRmh5OGRBUkR3MnNlMnZ2S0JBY1M5VkstaEtaUVI5TktpZG9xQlhLZzUyMVRQNmRZQUtiX1NHR2dHWnhTMkJGZE5fQ3lvV19HUjhkVnYyWjd3TFdHSURB?oc=5\" target=\"_blank\" rel=\"noopener\">MotoGP. Faut-il s\u2019inqui\u00e9ter pour la saison prochaine de Marc Marquez apr\u00e8s sa fracture de l\u2019\u00e9paule ?<\/a>&nbsp;&nbsp;Ouest-France<\/li>\n<\/ol>\n","protected":false},"excerpt":{"rendered":"Marc Marquez pourrait reprendre la comp\u00e9tition au Grand Prix de Valence de MotoGP&nbsp;&nbsp;L&rsquo;\u00c9quipe Grand Prix d&rsquo;Australie \u2502Le MotoGP&hellip;\n","protected":false},"author":2,"featured_media":470602,"comment_status":"","ping_status":"","sticky":false,"template":"","format":"standard","meta":{"footnotes":""},"categories":[1413],"tags":[1011,27,1457,1456,60],"class_list":{"0":"post-470601","1":"post","2":"type-post","3":"status-publish","4":"format-standard","5":"has-post-thumbnail","7":"category-moto","8":"tag-fr","9":"tag-france","10":"tag-moto","11":"tag-motocycle","12":"tag-sports"},"share_on_mastodon":{"url":"https:\/\/pubeurope.com\/@fr\/115391005007251474","error":""},"_links":{"self":[{"href":"https:\/\/www.europesays.com\/fr\/wp-json\/wp\/v2\/posts\/470601","targetHints":{"allow":["GET"]}}],"collection":[{"href":"https:\/\/www.europesays.com\/fr\/wp-json\/wp\/v2\/posts"}],"about":[{"href":"https:\/\/www.europesays.com\/fr\/wp-json\/wp\/v2\/types\/post"}],"author":[{"embeddable":true,"href":"https:\/\/www.europesays.com\/fr\/wp-json\/wp\/v2\/users\/2"}],"replies":[{"embeddable":true,"href":"https:\/\/www.europesays.com\/fr\/wp-json\/wp\/v2\/comments?post=470601"}],"version-history":[{"count":0,"href":"https:\/\/www.europesays.com\/fr\/wp-json\/wp\/v2\/posts\/470601\/revisions"}],"wp:featuredmedia":[{"embeddable":true,"href":"https:\/\/www.europesays.com\/fr\/wp-json\/wp\/v2\/media\/470602"}],"wp:attachment":[{"href":"https:\/\/www.europesays.com\/fr\/wp-json\/wp\/v2\/media?parent=470601"}],"wp:term":[{"taxonomy":"category","embeddable":true,"href":"https:\/\/www.europesays.com\/fr\/wp-json\/wp\/v2\/categories?post=470601"},{"taxonomy":"post_tag","embeddable":true,"href":"https:\/\/www.europesays.com\/fr\/wp-json\/wp\/v2\/tags?post=470601"}],"curies":[{"name":"wp","href":"https:\/\/api.w.org\/{rel}","templated":true}]}}