{"id":470603,"date":"2025-10-17T18:49:11","date_gmt":"2025-10-17T18:49:11","guid":{"rendered":"https:\/\/www.europesays.com\/fr\/470603\/"},"modified":"2025-10-17T18:49:11","modified_gmt":"2025-10-17T18:49:11","slug":"live-f1-gp-des-etats-unis-les-essais-libres-en-direct-motorsport-com","status":"publish","type":"post","link":"https:\/\/www.europesays.com\/fr\/470603\/","title":{"rendered":"LIVE F1 &#8211; GP des \u00c9tats-Unis : les essais libres en direct &#8211; Motorsport.com"},"content":{"rendered":"<ol>\n<li><a href=\"https:\/\/news.google.com\/rss\/articles\/CBMiuwFBVV95cUxPbXBkRlpGNzFZci1iUlhyUlhtWGtDcHk3ZW1qdk16ZGRmcm1rb1VYNWRfT0ltN0M5NlhKRm10V2Y1dl9mVUMxUGx2NW5XbEhobDBDNmQwYllZcENnLW9PbWtjQlQzTjZrTXhmemZ5S2ZoT3hoLWJFYWp6VWNaa0ktc2JhUmdMejJYSktROXBRRmxkOGN2RmU0QUcybjU5SDU0a0F6UHlpT2poOXNMNWttVm93WFI1aWZrZGRJ?oc=5\" target=\"_blank\" rel=\"nofollow noopener\">LIVE F1 &#8211; GP des \u00c9tats-Unis : les essais libres en direct<\/a>&nbsp;&nbsp;Motorsport.com<\/li>\n<li><a href=\"https:\/\/news.google.com\/rss\/articles\/CBMi0AFBVV95cUxPQUF6QXlPU0FCdHNNWGt6OGZ2aEtaU0tST21DU2pNa1JZSkVlWDZFZTFPT0g0bG45VmpNZFpOYVA2NHo4dTdScnV1Ti1RTUE0Y2dGejF6d2hIWGN5dFdBMW1YSGMwbjN4Sm9CUENqSHFWNzR0VjZCc3JXaHQ5ZzZ3MG1BOG5aa0VRcWVaQXNueTVPbENpLTJVQ1lKYWRXRVV0Mm5tYWJYZmI2b25yWGZ5cUhzNUxJaW9kUmI5ODBCWThxbUgzWHlBVF80N1d0SWRF?oc=5\" target=\"_blank\" rel=\"nofollow noopener\">F1 &#8211; GP des Etats-Unis : \u00e0 quelles heures et sur quelles cha\u00eenes suivre toutes les courses du week-end<\/a>&nbsp;&nbsp;Capital.fr<\/li>\n<li><a href=\"https:\/\/news.google.com\/rss\/articles\/CBMi2gFBVV95cUxPdDBfWll2Vmd3OWlYc2k0NlVuMGZxRl9HQkxUTnp3RUhiaktJR1k0TWFleWZXU1pTQ0ZIYks4TnduQW1FSFNTMF95NFZQb2hKSnVBam9LR0Rtelc5UUEzVFN0bUQ5eFNuUTFSQW1PcWRXaElwTzNPYlVJTjQ0Vk8zbHZ4WWxuVXI0MVAzVEZVWnhTeFVoU2x1dFRpM0NsSGdVa3FBbGFrQlY5bWJNbGRacVQxM0psMmVnY1VqZDhyOXh2VEM1eUhETFZ0ZkM0XzROcjBULUdfN1FxZw?oc=5\" target=\"_blank\" rel=\"nofollow noopener\">Le Grand Prix des \u00c9tats-Unis, 19e \u00e9tape de la saison de F1, plac\u00e9 \u00aben risque li\u00e9 \u00e0 la chaleur\u00bb<\/a>&nbsp;&nbsp;L&rsquo;\u00c9quipe<\/li>\n<li><a href=\"https:\/\/news.google.com\/rss\/articles\/CBMikgFBVV95cUxOVlhmUmFzODIzLXhRMERjMnF3VUFDeFp6SmUybm9nU2RVRldPY1Q1MTFGc2o5WWV5cHEyUnJYT1lWcFhqNGF3Wl9UY05CTjVQSVpsQ2h3dHpqZVlBTXBiT3kzajJXdGpIVUcwTWxTNFFiMlowSjhhajEtQVNfQ1hEd0lpQkk1cXE0QWswQ2N5WGFyZw?oc=5\" target=\"_blank\" rel=\"nofollow noopener\">EL1 &#8211; Norris et Piastri s\u00e9par\u00e9s par&#8230; H\u00fclkenberg \u00e0 Austin<\/a>&nbsp;&nbsp;Motorsport.com<\/li>\n<li><a href=\"https:\/\/news.google.com\/rss\/articles\/CBMi3AFBVV95cUxNZ0hscnRYakJqM0VMdFkta0huamhCdVpnNmNKVnFCai1QXzNWV1RXR3lUOUdKQldWb3RKUWswS1Z4bXlKMm5zSHVLYk9RZjM1dDdTSzhtRjlfSmhXbWFUUjFJT251X0xTb3lON2d3ZjhRTENlUzlfb21RcW9PMVdzU0VReWlQWEd4T1BEU2RiOExyQ081dVlpVmlkcHQ3Z2haeEt2VnU5RGI2RzRiNUQ0SWFKQWJMZ0JpOVNEb2ZjNWphdjNEb0Jsc0owNnB3d3JSYUNfQU10RFFEd1dU?oc=5\" target=\"_blank\" rel=\"nofollow noopener\">GP des \u00c9tats-Unis de F1 : sur quelle cha\u00eene TV et \u00e0 quelle heure regarder les qualifications sprint ?<\/a>&nbsp;&nbsp;Turbo.fr<\/li>\n<\/ol>\n","protected":false},"excerpt":{"rendered":"LIVE F1 &#8211; GP des \u00c9tats-Unis : les essais libres en direct&nbsp;&nbsp;Motorsport.com F1 &#8211; GP des Etats-Unis :&hellip;\n","protected":false},"author":2,"featured_media":470604,"comment_status":"","ping_status":"","sticky":false,"template":"","format":"standard","meta":{"footnotes":""},"categories":[1412],"tags":[1451,1452,1453,1454,1455,1011,27,60],"class_list":{"0":"post-470603","1":"post","2":"type-post","3":"status-publish","4":"format-standard","5":"has-post-thumbnail","7":"category-f1","8":"tag-f1","9":"tag-formula-1","10":"tag-formula1","11":"tag-formule-1","12":"tag-formule1","13":"tag-fr","14":"tag-france","15":"tag-sports"},"share_on_mastodon":{"url":"https:\/\/pubeurope.com\/@fr\/115391008919302282","error":""},"_links":{"self":[{"href":"https:\/\/www.europesays.com\/fr\/wp-json\/wp\/v2\/posts\/470603","targetHints":{"allow":["GET"]}}],"collection":[{"href":"https:\/\/www.europesays.com\/fr\/wp-json\/wp\/v2\/posts"}],"about":[{"href":"https:\/\/www.europesays.com\/fr\/wp-json\/wp\/v2\/types\/post"}],"author":[{"embeddable":true,"href":"https:\/\/www.europesays.com\/fr\/wp-json\/wp\/v2\/users\/2"}],"replies":[{"embeddable":true,"href":"https:\/\/www.europesays.com\/fr\/wp-json\/wp\/v2\/comments?post=470603"}],"version-history":[{"count":0,"href":"https:\/\/www.europesays.com\/fr\/wp-json\/wp\/v2\/posts\/470603\/revisions"}],"wp:featuredmedia":[{"embeddable":true,"href":"https:\/\/www.europesays.com\/fr\/wp-json\/wp\/v2\/media\/470604"}],"wp:attachment":[{"href":"https:\/\/www.europesays.com\/fr\/wp-json\/wp\/v2\/media?parent=470603"}],"wp:term":[{"taxonomy":"category","embeddable":true,"href":"https:\/\/www.europesays.com\/fr\/wp-json\/wp\/v2\/categories?post=470603"},{"taxonomy":"post_tag","embeddable":true,"href":"https:\/\/www.europesays.com\/fr\/wp-json\/wp\/v2\/tags?post=470603"}],"curies":[{"name":"wp","href":"https:\/\/api.w.org\/{rel}","templated":true}]}}