{"id":470605,"date":"2025-10-17T18:50:11","date_gmt":"2025-10-17T18:50:11","guid":{"rendered":"https:\/\/www.europesays.com\/fr\/470605\/"},"modified":"2025-10-17T18:50:11","modified_gmt":"2025-10-17T18:50:11","slug":"une-conti-pour-simon-guglielmi-actualite","status":"publish","type":"post","link":"https:\/\/www.europesays.com\/fr\/470605\/","title":{"rendered":"Une Conti pour Simon Guglielmi &#8211; Actualit\u00e9"},"content":{"rendered":"<p style=\"text-align: justify;\">Simon Guglielmi a trouv\u00e9 un point de chute pour 2026. Apr\u00e8s quatre ann\u00e9es avec Ark\u00e9a-B&amp;B H\u00f4tels, il va rebondir en Continental, du c\u00f4t\u00e9 de St-Michel-Preference Home-Auber 93.<\/p>\n<p><strong><a href=\"https:\/\/www.directvelo.com\/coureur\/11961\/simon-guglielmi\" target=\"_blank\" rel=\"noopener\">Simon Guglielmi<\/a><\/strong>, 28 ans, a termin\u00e9 5e d&rsquo;une \u00e9tape de la Route d&rsquo;Occitanie, 18e de La Polynormande, ou encore 27e du Tour de Luxembourg, cette saison.<\/p>\n<p>Durant ses ann\u00e9es avec la formation d&rsquo;Emmanuel Hubert, l&rsquo;ancien coureur de la Groupama-FDJ a termin\u00e9 7e d&rsquo;\u00e9tape sur la Vuelta et 10e des Boucles de l&rsquo;Aulne, en 2022, 9e d&rsquo;une \u00e9tape du Tour de France et d&rsquo;une \u00e9tape du Tour du Pays Basque en 2023, ou encore 12e du Tour de Venetie, et cinq fois dans le Top 15 d&rsquo;\u00e9tapes de la Vuelta, dont une 7e place, en 2024.<\/p>\n<p>Retrouvez tous les transferts du peloton pro <strong><a href=\"https:\/\/www.directvelo.com\/mutations\/2026#teams-pro\" target=\"_blank\" rel=\"noopener\">en cliquant ici<\/a><\/strong>.<\/p>\n","protected":false},"excerpt":{"rendered":"Simon Guglielmi a trouv\u00e9 un point de chute pour 2026. Apr\u00e8s quatre ann\u00e9es avec Ark\u00e9a-B&amp;B H\u00f4tels, il va&hellip;\n","protected":false},"author":2,"featured_media":470606,"comment_status":"","ping_status":"","sticky":false,"template":"","format":"standard","meta":{"footnotes":""},"categories":[1411],"tags":[834,828,836,829,837,827,83,826,824,823,1154,207,814,817,815,816,822,821,832,211,839,1011,27,820,818,819,835,831,830,833,838,60,212,208,825],"class_list":{"0":"post-470605","1":"post","2":"type-post","3":"status-publish","4":"format-standard","5":"has-post-thumbnail","7":"category-cyclisme","8":"tag-attaque","9":"tag-belgique","10":"tag-braquet","11":"tag-bretagne","12":"tag-chute","13":"tag-competition","14":"tag-coupe-de-france","15":"tag-coureur","16":"tag-course-cyclisme","17":"tag-course-cycliste","18":"tag-cycling","19":"tag-cyclisme","20":"tag-direct","21":"tag-direct-velo","22":"tag-directvelo","23":"tag-directvelo-com","24":"tag-epreuve","25":"tag-epreuve-cycliste","26":"tag-federation-francaise-de-cyclisme","27":"tag-ffc","28":"tag-flandres","29":"tag-fr","30":"tag-france","31":"tag-live","32":"tag-live-course","33":"tag-live-epreuve","34":"tag-peloton","35":"tag-radio-peloton","36":"tag-radio-tour","37":"tag-ravitaillement","38":"tag-relance","39":"tag-sports","40":"tag-uci","41":"tag-velo","42":"tag-velos"},"share_on_mastodon":{"url":"https:\/\/pubeurope.com\/@fr\/115391012840236477","error":""},"_links":{"self":[{"href":"https:\/\/www.europesays.com\/fr\/wp-json\/wp\/v2\/posts\/470605","targetHints":{"allow":["GET"]}}],"collection":[{"href":"https:\/\/www.europesays.com\/fr\/wp-json\/wp\/v2\/posts"}],"about":[{"href":"https:\/\/www.europesays.com\/fr\/wp-json\/wp\/v2\/types\/post"}],"author":[{"embeddable":true,"href":"https:\/\/www.europesays.com\/fr\/wp-json\/wp\/v2\/users\/2"}],"replies":[{"embeddable":true,"href":"https:\/\/www.europesays.com\/fr\/wp-json\/wp\/v2\/comments?post=470605"}],"version-history":[{"count":0,"href":"https:\/\/www.europesays.com\/fr\/wp-json\/wp\/v2\/posts\/470605\/revisions"}],"wp:featuredmedia":[{"embeddable":true,"href":"https:\/\/www.europesays.com\/fr\/wp-json\/wp\/v2\/media\/470606"}],"wp:attachment":[{"href":"https:\/\/www.europesays.com\/fr\/wp-json\/wp\/v2\/media?parent=470605"}],"wp:term":[{"taxonomy":"category","embeddable":true,"href":"https:\/\/www.europesays.com\/fr\/wp-json\/wp\/v2\/categories?post=470605"},{"taxonomy":"post_tag","embeddable":true,"href":"https:\/\/www.europesays.com\/fr\/wp-json\/wp\/v2\/tags?post=470605"}],"curies":[{"name":"wp","href":"https:\/\/api.w.org\/{rel}","templated":true}]}}