{"id":470607,"date":"2025-10-17T18:51:17","date_gmt":"2025-10-17T18:51:17","guid":{"rendered":"https:\/\/www.europesays.com\/fr\/470607\/"},"modified":"2025-10-17T18:51:17","modified_gmt":"2025-10-17T18:51:17","slug":"officiel-psg-la-grande-nouvelle-qui-retourne-les-reseaux-sociaux","status":"publish","type":"post","link":"https:\/\/www.europesays.com\/fr\/470607\/","title":{"rendered":"Officiel &#8211; PSG : La grande nouvelle qui retourne les r\u00e9seaux sociaux !"},"content":{"rendered":"<p>                    Benjamin Labrousse<br \/>\n                        &#8211;<\/p>\n<p>R\u00e9dacteur<\/p>\n<p>Malgr\u00e9 un double cursus Espagnol\/Communication, j\u2019ai d\u00e9cid\u00e9 de prendre en main mes r\u00eaves en me dirigeant vers le journalisme. Dipl\u00f4m\u00e9 d\u2019un master en journalisme de sport, je couvre l\u2019actualit\u00e9 sportive et footballistique avec toujours autant d\u2019admiration pour les p\u00e9riode de mercato, o\u00f9 un club se doit de faire des choix cruciaux pour la saison prochaine.<\/p>\n<p class=\"heading\">Assez discret dans sa communication, le PSG peut compter sur un trio tr\u00e8s discret avec Nasser Al-Khela\u00effi, Luis Campos, et Luis Enrique \u00e0 sa t\u00eate. Mais ce vendredi, le conseiller sportif portugais, officiant \u00e0 Paris depuis trois ans, a officialis\u00e9 son arriv\u00e9e sur le r\u00e9seau social X, ce qui a fait \u00e9norm\u00e9ment r\u00e9agir.<\/p>\n<p>Difficile d\u2019y voir clair \u00e0 travers les hautes sph\u00e8res du <a href=\"https:\/\/le10sport.com\/football\/mercato\/un-nouveau-crack-au-psg-le-transfert-fou-annonce-a-letranger-761630\" rel=\"nofollow noopener\" target=\"_blank\"><strong>PSG<\/strong><\/a>. Le club parisien pr\u00e9f\u00e8re travailler dans l\u2019ombre, conscient de l\u2019ampleur pris par <strong>Paris <\/strong>depuis plusieurs ann\u00e9es. Le <strong>PSG <\/strong>est bien moins accessible qu\u2019avant le rachat du club par QSI en 2011, et g\u00e8re sa communication dans les m\u00e9dias avec parcimonie.<\/p>\n<p>                                            Luis Campos d\u00e9barque sur X<\/p>\n<p>Cependant, cela pourrait changer \u00e0 l\u2019avenir. Si <strong>Nasser Al-Khela\u00effi<\/strong> prend parfois la parole \u00e0 travers d\u2019interviews \u00e0 certains m\u00e9dias, et que <strong>Luis Enrique<\/strong> se montre tr\u00e8s discret sur l\u2019extra-sportif en conf\u00e9rence de presse, <strong>Luis Campos<\/strong> lui, a annonc\u00e9 une grande nouvelle ce vendredi. En effet, le conseiller sportif portugais a officialis\u00e9 son arriv\u00e9e sur le r\u00e9seau social X.<\/p>\n<p>                                            Une mani\u00e8re efficace de d\u00e9mentir certaines informations\u00a0?<\/p>\n<p>Le conseiller sportif du <strong>PSG <\/strong>a bel et bien cr\u00e9\u00e9 son compte, notamment afin de d\u00e9mentir certaines r\u00e9v\u00e9lations de certains m\u00e9dias autour du club. Journalistes couvrant le club de la capitale, <strong>Bruno Salomon<\/strong> et <strong>Abdellah Boulma<\/strong> ont d\u2019ailleurs confirm\u00e9 que ce compte X appartenait bel et bien \u00e0 <strong>Luis Campos<\/strong>.<\/p>\n","protected":false},"excerpt":{"rendered":"Benjamin Labrousse &#8211; R\u00e9dacteur Malgr\u00e9 un double cursus Espagnol\/Communication, j\u2019ai d\u00e9cid\u00e9 de prendre en main mes r\u00eaves en&hellip;\n","protected":false},"author":2,"featured_media":470608,"comment_status":"","ping_status":"","sticky":false,"template":"","format":"standard","meta":{"footnotes":""},"categories":[1410],"tags":[63,1011,27,60],"class_list":{"0":"post-470607","1":"post","2":"type-post","3":"status-publish","4":"format-standard","5":"has-post-thumbnail","7":"category-football","8":"tag-football","9":"tag-fr","10":"tag-france","11":"tag-sports"},"share_on_mastodon":{"url":"https:\/\/pubeurope.com\/@fr\/115391016782686533","error":""},"_links":{"self":[{"href":"https:\/\/www.europesays.com\/fr\/wp-json\/wp\/v2\/posts\/470607","targetHints":{"allow":["GET"]}}],"collection":[{"href":"https:\/\/www.europesays.com\/fr\/wp-json\/wp\/v2\/posts"}],"about":[{"href":"https:\/\/www.europesays.com\/fr\/wp-json\/wp\/v2\/types\/post"}],"author":[{"embeddable":true,"href":"https:\/\/www.europesays.com\/fr\/wp-json\/wp\/v2\/users\/2"}],"replies":[{"embeddable":true,"href":"https:\/\/www.europesays.com\/fr\/wp-json\/wp\/v2\/comments?post=470607"}],"version-history":[{"count":0,"href":"https:\/\/www.europesays.com\/fr\/wp-json\/wp\/v2\/posts\/470607\/revisions"}],"wp:featuredmedia":[{"embeddable":true,"href":"https:\/\/www.europesays.com\/fr\/wp-json\/wp\/v2\/media\/470608"}],"wp:attachment":[{"href":"https:\/\/www.europesays.com\/fr\/wp-json\/wp\/v2\/media?parent=470607"}],"wp:term":[{"taxonomy":"category","embeddable":true,"href":"https:\/\/www.europesays.com\/fr\/wp-json\/wp\/v2\/categories?post=470607"},{"taxonomy":"post_tag","embeddable":true,"href":"https:\/\/www.europesays.com\/fr\/wp-json\/wp\/v2\/tags?post=470607"}],"curies":[{"name":"wp","href":"https:\/\/api.w.org\/{rel}","templated":true}]}}