{"id":470609,"date":"2025-10-17T18:52:14","date_gmt":"2025-10-17T18:52:14","guid":{"rendered":"https:\/\/www.europesays.com\/fr\/470609\/"},"modified":"2025-10-17T18:52:14","modified_gmt":"2025-10-17T18:52:14","slug":"son-hotel-particulier-au-coeur-de-paris","status":"publish","type":"post","link":"https:\/\/www.europesays.com\/fr\/470609\/","title":{"rendered":"son h\u00f4tel particulier au c\u0153ur de Paris"},"content":{"rendered":"<p data-start=\"1245\" data-end=\"1641\">Au c\u0153ur de Paris, se cache un<br \/>\njoyau architectural peu visible depuis la rue : un <a href=\"https:\/\/www.lejournaldelamaison.fr\/le-journal-de-la-maison\/reportages-maisons\/mireille-mathieu-hotel-particulier-neuilly-soeur-monique-523545.html\" rel=\"nofollow noopener\" target=\"_blank\"><br \/>\n<strong data-start=\"1351\" data-end=\"1368\">h\u00f4tel<br \/>\nparticulier<\/strong><\/a> du XVII\u1d49 si\u00e8cle dont la fa\u00e7ade classique<br \/>\ndissimule un int\u00e9rieur luxueux et des protections patrimoniales.<br \/>\nImperm\u00e9able aux projecteurs, Jean\u2011Jacques Goldman a fait de cette<br \/>\nadresse un ancrage parisien, m\u00eame s\u00a0\u00bbil n&rsquo;y vit pas.<\/p>\n<p>Jean\u2011Jacques Goldman : son<br \/>\nh\u00f4tel particulier au c\u0153ur de Paris dont personne ne parle<\/p>\n<p data-start=\"1645\" data-end=\"1911\">Au c\u0153ur de Paris, Jean-Jacques<br \/>\nGoldman a fait l&rsquo;acquisition d&rsquo;un pied \u00e0 terre hors norme. Cette<br \/>\nb\u00e2tisse a \u00e9t\u00e9\u00a0construite \u00e0 la <strong data-start=\"1838\" data-end=\"1861\">fin du XVII\u1d49 si\u00e8cle<\/strong>.<\/p>\n<p data-start=\"1913\" data-end=\"2321\">Sa demeure est aujourd\u2019hui<br \/>\n<strong data-start=\"1878\" data-end=\"1908\">class\u00e9e <a href=\"https:\/\/www.lejournaldelamaison.fr\/le-journal-de-la-maison\/reportages-maisons\/maisons-reportages-maisons\/stephane-bern-classique-contemporain-chic-ancien-hotel-xviiie-siecle-classe-monuments-historiques-france-dont-separer-521324.html\" rel=\"nofollow noopener\" target=\"_blank\"><br \/>\nmonument historique<\/a><\/strong>, notamment pour sa fa\u00e7ade, ses<br \/>\nboiseries int\u00e9rieures et ses d\u00e9cors d\u2019\u00e9poque. Elle a \u00e9t\u00e9 acquise<br \/>\npar Goldman <strong>en<\/strong> <strong data-start=\"2086\" data-end=\"2129\">1996 pour environ 45 millions de francs<\/strong>, selon<br \/>\nVoici, soit un peu moins<br \/>\nde <strong>7 millions d\u2019euros<\/strong> \u00e0 l\u2019\u00e9poque. Et pourtant,<br \/>\n<strong data-start=\"2211\" data-end=\"2262\">le chanteur n\u2019y aurait<br \/>\njamais r\u00e9ellement habit\u00e9<\/strong>, pr\u00e9f\u00e9rant vivre avec sa famille<br \/>\ndans le sud de la France.<\/p>\n<p>Jean\u2011Jacques Goldman : son<br \/>\nh\u00f4tel particulier, un b\u00e2timent d\u2019une grande discr\u00e9tion<\/p>\n<p data-start=\"2398\" data-end=\"2559\">Rien, de l\u2019ext\u00e9rieur, ne<br \/>\nlaisse deviner la richesse des lieux. <strong data-start=\"2461\" data-end=\"2482\">Portail de pierre<\/strong>, jardin cach\u00e9,<br \/>\nalignement parfait des fen\u00eatres : l\u2019\u00e9l\u00e9gance y est feutr\u00e9e.<\/p>\n<p data-start=\"2561\" data-end=\"2914\">\u00c0 l\u2019int\u00e9rieur, selon les<br \/>\ndescriptions disponibles, l\u2019h\u00f4tel particulier conserve<br \/>\n<strong data-start=\"2641\" data-end=\"2665\">des salons<br \/>\nd\u2019apparat<\/strong>, <strong data-start=\"2667\" data-end=\"2692\">des<br \/>\nmoulures d\u2019\u00e9poque<\/strong>, et un <strong data-start=\"2700\" data-end=\"2728\">salon au d\u00e9cor Louis XVI<\/strong>, modifi\u00e9 aux<br \/>\n<strong data-start=\"2742\" data-end=\"2768\">XVIII\u1d49 et XIX\u1d49<br \/>\nsi\u00e8cles<\/strong>. Des \u00e9l\u00e9ments <strong data-start=\"2783\" data-end=\"2807\">class\u00e9s et restaur\u00e9s<\/strong>, associ\u00e9s \u00e0 des \u0153uvres<br \/>\nmodernes choisies avec go\u00fbt, dans un esprit de <strong data-start=\"2878\" data-end=\"2897\">modernit\u00e9 calme<\/strong>, sans<br \/>\nclinquant.<\/p>\n<blockquote class=\"instagram-media\" style=\"background: #ffffff;border: 0;margin: 1px;width: 100%;padding: 0;max-width: 500px;\" data-instgrm-permalink=\"https:\/\/www.instagram.com\/p\/B_NIn7CHRei\/\" data-instgrm-version=\"14\"\/><p>\nJean\u2011Jacques Goldman : sa<br \/>\ndemeure parisienne, symbole d\u2019une r\u00e9ussite discr\u00e8te<\/p>\n<p data-start=\"2975\" data-end=\"3271\">C&rsquo;est \u00ab son seul signe ext\u00e9rieur de richesse \u00bb,<br \/>\nselon\u00a0Le Point. Une propri\u00e9t\u00e9 unique qui refl\u00e8te<br \/>\n\u00e0 elle seule ce qu\u2019il est : un homme discret, mais qui assume ce<br \/>\nqu\u2019il a construit. \u00ab<br \/>\nJe sais que <strong>je peux \u00eatre heureux sous une<br \/>\ntente<\/strong>, passer de belles vacances avec mes potes en<br \/>\ncamping, qu\u2019il y a d\u2019autres choses plus importantes dans<br \/>\nla vie que de gagner de l\u2019argent et de s\u00e9journer dans les <a href=\"https:\/\/www.lejournaldelamaison.fr\/le-journal-de-la-maison\/decoration-par-style\/grands-hotels\/hotels-parisiens-classes-meilleurs-etablissements-du-monde-prestigieux-classement-la-liste-513263.html\" rel=\"nofollow noopener\" target=\"_blank\"><br \/>\ngrands h\u00f4tels<\/a> \u00bb, confiait-il en 2007 au magazine La Vie au<br \/>\nsujet de son exp\u00e9rience enchanteresse du scoutisme.<\/p>\n<p data-start=\"3273\" data-end=\"3605\">Le chanteur reste<br \/>\n<strong data-start=\"3291\" data-end=\"3332\">la personnalit\u00e9 pr\u00e9f\u00e9r\u00e9e<br \/>\ndes Fran\u00e7ais<\/strong> depuis des ann\u00e9es selon Le JDD,<br \/>\nmalgr\u00e9 une absence m\u00e9diatique presque totale. Selon<br \/>\nGrazia, ce bien immobilier d&rsquo;exception sert de<br \/>\npied-\u00e0-terre pour ses proches.<\/p>\n<p><script async src=\"\/\/www.instagram.com\/embed.js\"><\/script><\/p>\n","protected":false},"excerpt":{"rendered":"Au c\u0153ur de Paris, se cache un joyau architectural peu visible depuis la rue : un h\u00f4tel particulier&hellip;\n","protected":false},"author":2,"featured_media":470610,"comment_status":"","ping_status":"","sticky":false,"template":"","format":"standard","meta":{"footnotes":""},"categories":[1359],"tags":[58,59,1011,27,973],"class_list":{"0":"post-470609","1":"post","2":"type-post","3":"status-publish","4":"format-standard","5":"has-post-thumbnail","7":"category-people","8":"tag-divertissement","9":"tag-entertainment","10":"tag-fr","11":"tag-france","12":"tag-people"},"share_on_mastodon":{"url":"https:\/\/pubeurope.com\/@fr\/115391020651498544","error":""},"_links":{"self":[{"href":"https:\/\/www.europesays.com\/fr\/wp-json\/wp\/v2\/posts\/470609","targetHints":{"allow":["GET"]}}],"collection":[{"href":"https:\/\/www.europesays.com\/fr\/wp-json\/wp\/v2\/posts"}],"about":[{"href":"https:\/\/www.europesays.com\/fr\/wp-json\/wp\/v2\/types\/post"}],"author":[{"embeddable":true,"href":"https:\/\/www.europesays.com\/fr\/wp-json\/wp\/v2\/users\/2"}],"replies":[{"embeddable":true,"href":"https:\/\/www.europesays.com\/fr\/wp-json\/wp\/v2\/comments?post=470609"}],"version-history":[{"count":0,"href":"https:\/\/www.europesays.com\/fr\/wp-json\/wp\/v2\/posts\/470609\/revisions"}],"wp:featuredmedia":[{"embeddable":true,"href":"https:\/\/www.europesays.com\/fr\/wp-json\/wp\/v2\/media\/470610"}],"wp:attachment":[{"href":"https:\/\/www.europesays.com\/fr\/wp-json\/wp\/v2\/media?parent=470609"}],"wp:term":[{"taxonomy":"category","embeddable":true,"href":"https:\/\/www.europesays.com\/fr\/wp-json\/wp\/v2\/categories?post=470609"},{"taxonomy":"post_tag","embeddable":true,"href":"https:\/\/www.europesays.com\/fr\/wp-json\/wp\/v2\/tags?post=470609"}],"curies":[{"name":"wp","href":"https:\/\/api.w.org\/{rel}","templated":true}]}}