{"id":47061,"date":"2025-04-23T16:58:08","date_gmt":"2025-04-23T16:58:08","guid":{"rendered":"https:\/\/www.europesays.com\/fr\/47061\/"},"modified":"2025-04-23T16:58:08","modified_gmt":"2025-04-23T16:58:08","slug":"les-championnes-en-titre-de-levallois-paris-en-favorites-des-demi-finales-de-saforelle-power-6-lequipe","status":"publish","type":"post","link":"https:\/\/www.europesays.com\/fr\/47061\/","title":{"rendered":"Les championnes en titre de Levallois-Paris en favorites des demi-finales de Saforelle Power 6 &#8211; L&#039;\u00c9quipe"},"content":{"rendered":"<ol>\n<li><a href=\"https:\/\/news.google.com\/rss\/articles\/CBMiywFBVV95cUxNX1Vhczd4ejhNNXBhREZNMUR0b0xlaWRfY2tac1BTbG4tWXNpYmZfR1NvSzNWRG1wc3pQalppMEJ2ZE1kcFFHVjRrS0x6Ymh0WHp2TmRVMzhzUUE3aDJ4d1ZDeDR2bWEwRkk4c0xLVUFCOVFXcUdTNjlWMWV4dGwwV001S2xZUjVOYU9UTm11SlF5V0xXNG1JMGRNeFJ0QWRRRjV4VjllZGg3NmIwOXI0aEFvQzV0SzYzRUVoRWwwTElmQU85OXk4ZXJ6Zw?oc=5\" target=\"_blank\" rel=\"nofollow noopener\">Les championnes en titre de Levallois-Paris en favorites des demi-finales de Saforelle Power 6<\/a>&nbsp;&nbsp;L&rsquo;\u00c9quipe<\/li>\n<li><a href=\"https:\/\/news.google.com\/rss\/articles\/CBMioAJBVV95cUxPZnlaaEdKT1pCWGljYnpGTkFidEFIaFVqQ3EyV0JTdEU1OXU2MEUzRVdLcVphRjlYN0lDRkptT2FxMVd3dXVWRV83bHdLbWtnLU0wQl82NGhqTmQ5ZWFJMnM5U3F3dGRzcTMxa2dlblE0M1VucmI2amZ6Y3gxZTBxRUxxME9GZG01SG5pNGlHRGJjT0QwcmlLaEZINVotNXpDWDROMlhUb0JLRnBhQVBzSmpsdHVidmU5Nmh5M1g0WFpGNTEtY0pBeGlSVmk3RUhVaFhMR0M4ekZNVWp0b29mZVNYYWt6eHYxcTAxaDZRbEhDUXpXVXhtMTRGNDh5RjVuNmF4eEg4d0k3RkR4V3BKOXpWQnNhUThSUm50MFNWc3M?oc=5\" target=\"_blank\" rel=\"nofollow noopener\">100% SPORTS. Playoffs-Demi-Finale : Vandoeuvre Nancy-Paris-Levallois, un match 2 d\u00e9cisif pour bousculer les pronostics ?<\/a>&nbsp;&nbsp;Radio France<\/li>\n<li><a href=\"https:\/\/news.google.com\/rss\/articles\/CBMifkFVX3lxTE52VnA2LW9sWVBNM1NKc2ZjRTJzci1XbGFna0VtSVlqUjIwblZJR2tVVENpSko1Sk1ORG55R1RmalVLZ1FvZjFUX2hrcXJDWUoyd19FbHdkcWlva2pjS3R4OXlhX1oxZHg5ZW1WUUlsRmdNb055ZV82LWdiZHVxdw?oc=5\" target=\"_blank\" rel=\"nofollow noopener\">Saforelle Power 6, sc\u00e8ne 2, acte 2<\/a>&nbsp;&nbsp;LNV<\/li>\n<li><a href=\"https:\/\/news.google.com\/rss\/articles\/CBMi-AFBVV95cUxNZFc5TlR5MTdnWGktZThHX2p4V0d4LXluNGtkWXczQnNXbklNdmc0aTBSaGpPVm1JQjcySmVBdHZXM3ZkYnYwdUl2MEhSX3BSRmlmdXUwVTNad2R3RS1COTMxTDRGdVlEOE1IbHFwbG00ZlVKZnAzQU5DOUwwZEZxVnRMSjJvQ3hwRHRFQWxkSmNTS0lIOFB0ekhZOW5PLTlMc1Utdkd3RUE3TjBZcE1sNE5XVG5hRFB5dDF3djA4eTByTHFJMnBDUEdqbHFIWWpmN0UxSHNlSS1wZzc0X2dpY2I1LWN3cldsUGxiZGluV1FMUnlPUGVKVg?oc=5\" target=\"_blank\" rel=\"nofollow noopener\">Levallois bouscul\u00e9 mais victorieux, Nantes vainqueur \u00e0 l&rsquo;ext\u00e9rieur en demi-finales aller de la Saforelle Power 6<\/a>&nbsp;&nbsp;L&rsquo;\u00c9quipe<\/li>\n<li><a href=\"https:\/\/news.google.com\/rss\/articles\/CBMi4gFBVV95cUxPbnBaX0lrWDVBMnpBZ09uWlQtRElsQU8xbWhOWHhtb0xLcEJqa19kWGItSEpyUS1BbEprOHY1Z1R0eGN6MHJ3VVpGTDBPRDJzU1RkRXF2Vm9HX1ZaaHcxaVluRVhJSFpRLVNaVGlKNGNoVHdIem10a1lkU1FDQlZ1MTk4eE96NkJ4X09Nc2owcFVueVhNRDJLS0ozTEJqd2JrRUpzOE40el8xM0dvM1FkbHI4WUp3WWlqYlpCQkpHenJYMXRpQjlGUFhYdk9FRktrd1lKeXVIWW5uNU50SUdIMGl3?oc=5\" target=\"_blank\" rel=\"nofollow noopener\">Volleyball &#8211; Championnat de France f\u00e9minin &#8211; Le classement &#8211; Levallois et Nantes mettent un pied en finale<\/a>&nbsp;&nbsp;Ski-nordique<\/li>\n<\/ol>\n","protected":false},"excerpt":{"rendered":"Les championnes en titre de Levallois-Paris en favorites des demi-finales de Saforelle Power 6&nbsp;&nbsp;L&rsquo;\u00c9quipe 100% SPORTS. Playoffs-Demi-Finale :&hellip;\n","protected":false},"author":2,"featured_media":47062,"comment_status":"","ping_status":"","sticky":false,"template":"","format":"standard","meta":{"footnotes":""},"categories":[1417],"tags":[1011,27,60,1470,1469],"class_list":{"0":"post-47061","1":"post","2":"type-post","3":"status-publish","4":"format-standard","5":"has-post-thumbnail","7":"category-volley","8":"tag-fr","9":"tag-france","10":"tag-sports","11":"tag-volley","12":"tag-volleyball"},"share_on_mastodon":{"url":"https:\/\/pubeurope.com\/@fr\/114388343623233121","error":""},"_links":{"self":[{"href":"https:\/\/www.europesays.com\/fr\/wp-json\/wp\/v2\/posts\/47061","targetHints":{"allow":["GET"]}}],"collection":[{"href":"https:\/\/www.europesays.com\/fr\/wp-json\/wp\/v2\/posts"}],"about":[{"href":"https:\/\/www.europesays.com\/fr\/wp-json\/wp\/v2\/types\/post"}],"author":[{"embeddable":true,"href":"https:\/\/www.europesays.com\/fr\/wp-json\/wp\/v2\/users\/2"}],"replies":[{"embeddable":true,"href":"https:\/\/www.europesays.com\/fr\/wp-json\/wp\/v2\/comments?post=47061"}],"version-history":[{"count":0,"href":"https:\/\/www.europesays.com\/fr\/wp-json\/wp\/v2\/posts\/47061\/revisions"}],"wp:featuredmedia":[{"embeddable":true,"href":"https:\/\/www.europesays.com\/fr\/wp-json\/wp\/v2\/media\/47062"}],"wp:attachment":[{"href":"https:\/\/www.europesays.com\/fr\/wp-json\/wp\/v2\/media?parent=47061"}],"wp:term":[{"taxonomy":"category","embeddable":true,"href":"https:\/\/www.europesays.com\/fr\/wp-json\/wp\/v2\/categories?post=47061"},{"taxonomy":"post_tag","embeddable":true,"href":"https:\/\/www.europesays.com\/fr\/wp-json\/wp\/v2\/tags?post=47061"}],"curies":[{"name":"wp","href":"https:\/\/api.w.org\/{rel}","templated":true}]}}