{"id":470616,"date":"2025-10-17T18:56:13","date_gmt":"2025-10-17T18:56:13","guid":{"rendered":"https:\/\/www.europesays.com\/fr\/470616\/"},"modified":"2025-10-17T18:56:13","modified_gmt":"2025-10-17T18:56:13","slug":"peu-de-quotidien-avec-elle-pourquoi-benjamin-biolay-ne-voit-pas-beaucoup-sa-fille-louisa-agee-de-6-ans","status":"publish","type":"post","link":"https:\/\/www.europesays.com\/fr\/470616\/","title":{"rendered":"\u00ab\u00a0Peu de quotidien avec elle\u00a0\u00bb : pourquoi Benjamin Biolay ne voit pas beaucoup sa fille Louisa \u00e2g\u00e9e de 6 ans ?"},"content":{"rendered":"<p>            <img loading=\"lazy\" decoding=\"async\" src=\"https:\/\/www.europesays.com\/fr\/wp-content\/uploads\/2025\/10\/3c2234b771b1c4f4-35x35-1.png\" class=\"author-article-picture\" width=\"35\" height=\"35\"\/><\/p>\n<p>                Par<br \/>\n                                    Melissa Ad\u00e8le<br \/>\n                                                    | Coordinatrice \u00e9ditoriale<\/p>\n<p>\n                M\u00e9lissa Ad\u00e8le suit de pr\u00e8s l\u2019actualit\u00e9 des personnalit\u00e9s, entre cin\u00e9ma, sport et t\u00e9l\u00e9vision. Elle d\u00e9crypte les tendances, les parcours et les moments forts qui font vibrer le monde du divertissement.\n            <\/p>\n<p>\n    Entre promotion de son nouvel album Le Disque bleu et interviews, Benjamin Biolay s\u2019est confi\u00e9 sur des sujets tr\u00e8s personnels. Le chanteur de 52 ans y \u00e9voque son amour pour l\u2019Argentine, pays qui lui tient \u00e0 c\u0153ur, mais aussi sa fille cadette Louisa, qu\u2019il voit peu.\n<\/p>\n<p>                            <img loading=\"lazy\" decoding=\"async\" class=\"player-thumbnail\" src=\"https:\/\/www.europesays.com\/fr\/wp-content\/uploads\/2025\/10\/738619b952a50107-580x326-2.jpg\" width=\"580\" height=\"326\"\/><\/p>\n<p>                    \u00ab\u00a0Peu de quotidien avec elle\u00a0\u00bb : pourquoi Benjamin Biolay ne voit pas beaucoup sa fille Louisa \u00e2g\u00e9e de 6 ans ?<\/p>\n<p>La suite apr\u00e8s la publicit\u00e9<\/p>\n<p>Depuis plusieurs ann\u00e9es, <a href=\"https:\/\/www.purepeople.com\/people\/benjamin-biolay_p324\" rel=\"nofollow noopener\" target=\"_blank\">Benjamin Biolay<\/a> ne cesse de surprendre son public avec de nouveaux projets. Apr\u00e8s Saint-Clair en 2022, il revient aujourd&rsquo;hui avec un double album intitul\u00e9 Le Disque bleu, disponible depuis le 17 octobre 2025. Cet opus a d&rsquo;ailleurs \u00e9t\u00e9 enregistr\u00e9 dans cinq villes embl\u00e9matiques, Paris, S\u00e8te, Bruxelles, Buenos Aires et Rio de Janeiro. Et pour faire conna\u00eetre ce projet ambitieux, Benjamin Biolay multiplie les entretiens. Une occasion pour lui de se confier sur<a href=\"https:\/\/www.purepeople.com\/article\/-c-est-difficile-benjamin-biolay-pere-prive-de-sa-fille-de-3-ans-qui-vit-en-argentine-il-veut-qu-elle-demenage_a496310\/1\" rel=\"nofollow noopener\" target=\"_blank\"> son lien avec l&rsquo;Argentine, pays o\u00f9 vit sa fille Louisa<\/a>, et exprime <strong>ses regrets concernant leur relation \u00e0 distance. <\/strong>Des \u00e9changes qui t\u00e9moignent de sa volont\u00e9 de partager avec son public des aspects plus personnels de sa vie.\u00a0<\/p>\n<p>Dans une interview accord\u00e9e \u00e0 Gala, Benjamin Biolay \u00e9voque sa fille <a href=\"https:\/\/www.purepeople.com\/article\/benjamin-biolay-est-le-papa-de-2-filles-anna-et-louise-qui-ont-une-grande-difference-d-age-malgre-ces-annees-d-ecart-elles-partagent_a543485\/1\" rel=\"nofollow noopener\" target=\"_blank\">Louisa, \u00e2g\u00e9e de 6 ans, beaucoup plus jeune que son a\u00een\u00e9<\/a>e, qu&rsquo;il voit peu en raison de<strong> la garde accord\u00e9e \u00e0 sa m\u00e8re<\/strong>. Il confie : \u00ab\u00a0J&rsquo;avoue que j&rsquo;ai tr\u00e8s peu de quotidien avec elle \u00e0 Buenos Aires.<strong> Mais quand je vois sa m\u00e8re qui la pr\u00e9pare pour aller \u00e0 l&rsquo;\u00e9cole en lui enfilant un maillot floqu\u00e9 Messi <\/strong>avant de partir elle-m\u00eame avant d&rsquo;aller au boulot, je n&rsquo;en suis pas s\u00fbr d&rsquo;en avoir l&rsquo;\u00e9nergie\u00a0\u00bb, a-t-il d\u00e9clar\u00e9.\u00a0<\/p>\n<p>Benjamin Biolay est tomb\u00e9 amoureux de l&rsquo;Argentine<\/p>\n<p>Aujourd&rsquo;hui Benjamin Biolay ne s&rsquo;en cache pas : l&rsquo;Argentine occupe une place particuli\u00e8re dans son coeur. Dans les colonnes de Paris Match, il explique la raison pour laquelle il est tr\u00e8s attach\u00e9 \u00e0 ce pays d&rsquo;Am\u00e9rique du Sud. \u00ab\u00a0Parce que Diego Maradona, parce que Mafalda. Et ado, quand j&rsquo;ai appris que Che Guevara \u00e9tait argentin, c&rsquo;est devenu une \u00e9vidence : <strong>cette civilisation m&rsquo;attirait\u00a0\u00bb<\/strong>. Son premier s\u00e9jour en Argentine remonte \u00e0 vingt ans, lors d&rsquo;une tourn\u00e9e o\u00f9 il a \u00e9t\u00e9 accueilli chaleureusement par le public local. Une exp\u00e9rience qui aura tout chang\u00e9 dans sa vie.\u00a0<\/p>\n<p>Aujourd&rsquo;hui, il r\u00e9side en partie \u00e0 Buenos Aires, o\u00f9 sa fille Louisa est scolaris\u00e9e au lyc\u00e9e Jean-Mermoz. Il souligne avec humour : \u00ab\u00a0Mon domicile est \u00e0 c\u00f4t\u00e9 de la rue Santos-Dumont, \u00e7a en dit long, non ?\u00a0\u00bb. Un signe on ne peut plus clair.\u00a0<\/p>\n<p>\u00ab\u00a0On a touch\u00e9 \u00e0 l&rsquo;amour de ma vie\u00a0\u00bb : Benjamin Biolay n&rsquo;a pas bien v\u00e9cu ce qui est arriv\u00e9 \u00e0 sa fille Anna, qu&rsquo;il a eue avec Chiara Mastroianni<\/p>\n","protected":false},"excerpt":{"rendered":"Par Melissa Ad\u00e8le | Coordinatrice \u00e9ditoriale M\u00e9lissa Ad\u00e8le suit de pr\u00e8s l\u2019actualit\u00e9 des personnalit\u00e9s, entre cin\u00e9ma, sport et&hellip;\n","protected":false},"author":2,"featured_media":470617,"comment_status":"","ping_status":"","sticky":false,"template":"","format":"standard","meta":{"footnotes":""},"categories":[1355],"tags":[58,59,1011,27,1361,873],"class_list":{"0":"post-470616","1":"post","2":"type-post","3":"status-publish","4":"format-standard","5":"has-post-thumbnail","7":"category-musique","8":"tag-divertissement","9":"tag-entertainment","10":"tag-fr","11":"tag-france","12":"tag-music","13":"tag-musique"},"share_on_mastodon":{"url":"https:\/\/pubeurope.com\/@fr\/115391037142994809","error":""},"_links":{"self":[{"href":"https:\/\/www.europesays.com\/fr\/wp-json\/wp\/v2\/posts\/470616","targetHints":{"allow":["GET"]}}],"collection":[{"href":"https:\/\/www.europesays.com\/fr\/wp-json\/wp\/v2\/posts"}],"about":[{"href":"https:\/\/www.europesays.com\/fr\/wp-json\/wp\/v2\/types\/post"}],"author":[{"embeddable":true,"href":"https:\/\/www.europesays.com\/fr\/wp-json\/wp\/v2\/users\/2"}],"replies":[{"embeddable":true,"href":"https:\/\/www.europesays.com\/fr\/wp-json\/wp\/v2\/comments?post=470616"}],"version-history":[{"count":0,"href":"https:\/\/www.europesays.com\/fr\/wp-json\/wp\/v2\/posts\/470616\/revisions"}],"wp:featuredmedia":[{"embeddable":true,"href":"https:\/\/www.europesays.com\/fr\/wp-json\/wp\/v2\/media\/470617"}],"wp:attachment":[{"href":"https:\/\/www.europesays.com\/fr\/wp-json\/wp\/v2\/media?parent=470616"}],"wp:term":[{"taxonomy":"category","embeddable":true,"href":"https:\/\/www.europesays.com\/fr\/wp-json\/wp\/v2\/categories?post=470616"},{"taxonomy":"post_tag","embeddable":true,"href":"https:\/\/www.europesays.com\/fr\/wp-json\/wp\/v2\/tags?post=470616"}],"curies":[{"name":"wp","href":"https:\/\/api.w.org\/{rel}","templated":true}]}}