{"id":470618,"date":"2025-10-17T18:57:14","date_gmt":"2025-10-17T18:57:14","guid":{"rendered":"https:\/\/www.europesays.com\/fr\/470618\/"},"modified":"2025-10-17T18:57:14","modified_gmt":"2025-10-17T18:57:14","slug":"wonder-man-qui-est-le-super-heros-marvel","status":"publish","type":"post","link":"https:\/\/www.europesays.com\/fr\/470618\/","title":{"rendered":"Wonder Man : qui est le super-h\u00e9ros Marvel ?"},"content":{"rendered":"<p>Un nouveau h\u00e9ros de chez Marvel aura bient\u00f4t droit \u00e0 son propre show sur Disney+ ! Mais qui est vraiment ce personnage, et que peut-on attendre de sa future s\u00e9rie ? Plongeons dans l\u2019univers de Simon Williams, alias Wonder Man.<\/p>\n<p>Estampill\u00e9e <a href=\"https:\/\/actus.sfr.fr\/cine-series\/marvel_DN-201907090001.html\" title=\"Marvel\" class=\"internal_link\" rel=\"nofollow noopener\" target=\"_blank\">Marvel<\/a> Spotlight, nous allons bient\u00f4t retrouver une nouvelle s\u00e9rie sur Disney+ mettant un sc\u00e8ne un h\u00e9ros tr\u00e8s peu connu du grand public, de la m\u00eame fa\u00e7on que nous avons pu d\u00e9couvrir <a href=\"https:\/\/actus.sfr.fr\/cine-series\/series\/echo-une-nouvelle-serie-marvel-hors-du-commun-a-ne-pas-manquer-sur-disney_AN-202401100007.html\" title=\"Echo : une nouvelle s\u00e9rie Marvel, hors du commun, \u00e0 ne pas manquer sur Disney+\" class=\"internal_link\" rel=\"nofollow noopener\" target=\"_blank\">Echo<\/a>. Cette fois-ci, il s\u2019agit d\u2019un tout autre registre, pas de h\u00e9ros sombre op\u00e9rant dans les ruelles obscures, mais bien un homme sur le devant de la sc\u00e8ne et m\u00eame sous les projecteurs. On vous pr\u00e9sente Wonder Man.<\/p>\n<p>Quelles sont les origines de Wonder Man ?<\/p>\n<p>Wonder Man est le nom de <a href=\"https:\/\/actus.sfr.fr\/cine-series\/super-heros_DN-202206160003.html\" title=\"Super-h\u00e9ros\" class=\"internal_link\" rel=\"nofollow noopener\" target=\"_blank\">super-h\u00e9ros<\/a> pris par <strong>Simon Williams<\/strong>, un personnage de l\u2019univers Marvel introduit pour la premi\u00e8re fois dans The Avengers #9 en octobre 1964, cr\u00e9\u00e9 par Stan Lee, Jack Kirby et Don Heck, comme tant d\u2019autres h\u00e9ros. \u00c0 l\u2019origine, Williams est un homme d\u2019affaires h\u00e9ritier d\u2019une usine, mais ses affaires tournent mal, notamment suite \u00e0 la faillite de sa soci\u00e9t\u00e9 apr\u00e8s des man\u0153uvres de son fr\u00e8re.<\/p>\n<p>D\u00e9sesp\u00e9r\u00e9, Simon accepte d\u2019\u00eatre recrut\u00e9 par le Baron Zemo, un scientifique nazi, pour \u00eatre transform\u00e9 en \u00eatre d\u2019\u00e9nergie ionique : l\u2019id\u00e9e est qu\u2019il prenne le nom de Wonder Man et infiltre les Avengers pour le compte des ennemis. Mais au fil de son parcours, il change de camp, il d\u00e9veloppe une conscience morale, choisit de se racheter, et finit par rejoindre les Avengers de fa\u00e7on plus ou moins officielle.<\/p>\n<p><img loading=\"lazy\" decoding=\"async\" width=\"1348\" height=\"2048\" src=\"https:\/\/www.europesays.com\/fr\/wp-content\/uploads\/2025\/10\/Wonder-Man-15032.jpg\"  alt=\"Wonder Man dans le comic Avengers Unlimited Infinity Comic (2022) #57\" title=\"Wonder Man dans le comic Avengers Unlimited Infinity Comic (2022) #57\"\/>Wonder Man dans le comic Avengers Unlimited Infinity Comic (2022) #57 \u00a9 MarvelQu\u2019est-ce qui caract\u00e9rise Wonder Man ?<\/p>\n<p>Comme dit plus haut, ses pouvoirs sont bas\u00e9s sur l\u2019\u00e9nergie ionique, autrement dit, cela lui conf\u00e8re une force surhumaine, une grande r\u00e9sistance, r\u00e9flexes, endurance, gu\u00e9rison acc\u00e9l\u00e9r\u00e9e, et une quasi-invuln\u00e9rabilit\u00e9. Un peu comme un ultra Captain America qui en plus n\u2019a pas besoin de nourriture, d\u2019eau ou d\u2019oxyg\u00e8ne, et ne vieillit pas. Dans certaines versions, il peut aussi manipuler l\u2019\u00e9nergie ionique ou \u00e9lectromagn\u00e9tique, et m\u00eame modifier sa taille ou se t\u00e9l\u00e9porter.<\/p>\n<p>Mais ce qui rend ce personnage int\u00e9ressant, ce n\u2019est pas seulement sa puissance, mais sa dualit\u00e9 : un corps aux capacit\u00e9s extraordinaires qui doit composer avec ses doutes, ses responsabilit\u00e9s, et souvent le poids de ses erreurs pass\u00e9es. Dans certaines histoires, il est profond\u00e9ment instable \u00e9motionnellement, doutant de sa l\u00e9gitimit\u00e9 \u00e0 \u00eatre un h\u00e9ros. En somme, il a largement les pouvoirs d\u2019un tel titre, mais pas vraiment la psych\u00e9 ni les valeurs.<\/p>\n<p>Que sait-on de la s\u00e9rie Wonder Man ?<\/p>\n<p>La s\u00e9rie Wonder Man est annonc\u00e9e pour une diffusion <strong>le 27 janvier 2026<\/strong> (apr\u00e8s avoir \u00e9t\u00e9 initialement pr\u00e9vue en d\u00e9cembre 2025) sur <a href=\"https:\/\/actus.sfr.fr\/cine-series\/disney_DN-202012300004.html\" title=\"Disney+\" class=\"internal_link\" rel=\"nofollow noopener\" target=\"_blank\">Disney+<\/a>. Elle sera compos\u00e9e de huit \u00e9pisodes. Ce qui rend cette adaptation intrigante, c\u2019est l\u2019angle choisi : plut\u00f4t que de commencer avec un personnage d\u00e9j\u00e0 pleinement h\u00e9ros, la s\u00e9rie adopte une approche plut\u00f4t m\u00e9tatextuelle. Le personnage principal est Simon Williams, cette fois pr\u00e9sent\u00e9 comme un acteur en gal\u00e8re qui auditionne pour incarner le h\u00e9ros de ses r\u00eaves, Wonder Man. L\u2019ironie du sort : il pourrait d\u00e9couvrir que, derri\u00e8re le r\u00f4le fictif qu\u2019il cherche \u00e0 d\u00e9crocher, il est en r\u00e9alit\u00e9 le d\u00e9tenteur de ces superpouvoirs.<\/p>\n<p>La s\u00e9rie est co-cr\u00e9\u00e9e par <strong>Destin Daniel Cretton<\/strong> (r\u00e9alisateur de Shang-Chi et la L\u00e9gende des Dix Anneaux) et <strong>Andrew Guest<\/strong>, ce dernier \u00e9tant showrunner. Le casting inclut <strong>Yahya Abdul-Mateen II<\/strong> dans le r\u00f4le de Simon Williams\/Wonder Man, <strong>Ben Kingsley<\/strong> dans le r\u00f4le de Trevor Slattery (un personnage d\u00e9j\u00e0 vu dans Iron Man 3 et Shang-Chi). On retrouve aussi <strong>Demetrius Grosse<\/strong>, <strong>Ed Harris<\/strong>, <strong>Arian Moayed<\/strong>, et d\u2019autres dans des r\u00f4les importants.<\/p>\n<\/p>\n<p><a href=\"https:\/\/www.sfr.fr\/tv-sfr\/disneyplus-bouquet-famille#sfrintid=SFRACTUS_BS_article_wonder_man_\" title=\"S&#039;abonner \u00e0 Disney+\" rel=\"nofollow noopener\" target=\"_blank\"><\/p>\n<p>S&rsquo;abonner \u00e0 Disney+<\/p>\n<p><\/a><\/p>\n<p>D\u2019apr\u00e8s ce que l\u2019on peut voir du trailer, la s\u00e9rie m\u00eale com\u00e9die, satire d\u2019Hollywood et super-h\u00e9ros, avec une mise en ab\u00eeme du genre. On y voit des sc\u00e8nes de plateau, des auditions, des personnages de cin\u00e9ma qui critiquent les clich\u00e9s des univers de super-h\u00e9ros. Le ton semble donc plus l\u00e9ger, presque ironique, dans un univers Marvel qui exp\u00e9rimente l\u2019autocritique d\u2019une fa\u00e7on plus int\u00e9ressante que de glisser des blagues lourdes entre chaque sc\u00e8ne d\u2019action.<\/p>\n<p><strong>Source : <\/strong><a href=\"https:\/\/screencrush.com\/marvel-wonder-man-first-look\" target=\"_blank\" class=\"external_link\" rel=\"nofollow noopener\">Screencrush<\/a><\/p>\n","protected":false},"excerpt":{"rendered":"Un nouveau h\u00e9ros de chez Marvel aura bient\u00f4t droit \u00e0 son propre show sur Disney+ ! Mais qui&hellip;\n","protected":false},"author":2,"featured_media":470619,"comment_status":"","ping_status":"","sticky":false,"template":"","format":"standard","meta":{"footnotes":""},"categories":[1354],"tags":[58,59,1346,1011,27,1360],"class_list":{"0":"post-470618","1":"post","2":"type-post","3":"status-publish","4":"format-standard","5":"has-post-thumbnail","7":"category-films","8":"tag-divertissement","9":"tag-entertainment","10":"tag-films","11":"tag-fr","12":"tag-france","13":"tag-movies"},"share_on_mastodon":{"url":"https:\/\/pubeurope.com\/@fr\/115391040302184469","error":""},"_links":{"self":[{"href":"https:\/\/www.europesays.com\/fr\/wp-json\/wp\/v2\/posts\/470618","targetHints":{"allow":["GET"]}}],"collection":[{"href":"https:\/\/www.europesays.com\/fr\/wp-json\/wp\/v2\/posts"}],"about":[{"href":"https:\/\/www.europesays.com\/fr\/wp-json\/wp\/v2\/types\/post"}],"author":[{"embeddable":true,"href":"https:\/\/www.europesays.com\/fr\/wp-json\/wp\/v2\/users\/2"}],"replies":[{"embeddable":true,"href":"https:\/\/www.europesays.com\/fr\/wp-json\/wp\/v2\/comments?post=470618"}],"version-history":[{"count":0,"href":"https:\/\/www.europesays.com\/fr\/wp-json\/wp\/v2\/posts\/470618\/revisions"}],"wp:featuredmedia":[{"embeddable":true,"href":"https:\/\/www.europesays.com\/fr\/wp-json\/wp\/v2\/media\/470619"}],"wp:attachment":[{"href":"https:\/\/www.europesays.com\/fr\/wp-json\/wp\/v2\/media?parent=470618"}],"wp:term":[{"taxonomy":"category","embeddable":true,"href":"https:\/\/www.europesays.com\/fr\/wp-json\/wp\/v2\/categories?post=470618"},{"taxonomy":"post_tag","embeddable":true,"href":"https:\/\/www.europesays.com\/fr\/wp-json\/wp\/v2\/tags?post=470618"}],"curies":[{"name":"wp","href":"https:\/\/api.w.org\/{rel}","templated":true}]}}