{"id":47063,"date":"2025-04-23T16:59:09","date_gmt":"2025-04-23T16:59:09","guid":{"rendered":"https:\/\/www.europesays.com\/fr\/47063\/"},"modified":"2025-04-23T16:59:09","modified_gmt":"2025-04-23T16:59:09","slug":"on-est-en-discussion-avec-le-club-pierre-boudehent-pourrait-rester-au-rc-vannes-la-saison-prochaine","status":"publish","type":"post","link":"https:\/\/www.europesays.com\/fr\/47063\/","title":{"rendered":"\u00ab\u00a0On est en discussion avec le club\u00a0\u00bb\u00a0: Pierre Boudehent pourrait rester au RC Vannes la saison prochaine"},"content":{"rendered":"<p>Top 14 (22e journ\u00e9e). RC Vannes &#8211; RC Toulon, samedi (16 h 30)<\/p>\n<p>Le <a href=\"https:\/\/www.letelegramme.fr\/sports\/rugby\/rc-vannes\/\" target=\"_blank\" rel=\"noopener\">RC Vannes<\/a> a eu du nez en se faisant pr\u00eater <a href=\"https:\/\/www.letelegramme.fr\/sports\/rugby\/rc-vannes\/pourquoi-le-rc-vannes-a-decide-de-recruter-pierre-boudehent-6740534.php\" target=\"_blank\" rel=\"noopener\">Pierre Boudehent<\/a> par le Stade Fran\u00e7ais, mi-janvier. Tr\u00e8s vite, le joueur de 27 ans a su se faire une place dans la rotation du promu en Top 14. Avec la grosse commotion de Francis Saili contre les Parisiens, qui l\u2019a \u00e9cart\u00e9 des terrains pendant deux mois, puis <a href=\"https:\/\/www.letelegramme.fr\/sports\/rugby\/rc-vannes\/possible-fin-de-saison-pour-alex-arrate-le-centre-du-rc-vannes-6767050.php\" target=\"_blank\" rel=\"noopener\">la blessure \u00e0 la cheville d\u2019Alex Arrate<\/a>, fin f\u00e9vrier contre Montpellier, le staff morbihannais a d\u00fb \u00eatre content de pouvoir compter sur ce trois-quarts polyvalent.<\/p>\n<p>Ce centre-ailier form\u00e9 au Stade Rochelais a principalement \u00e9t\u00e9 align\u00e9 en tant que premier centre, aux c\u00f4t\u00e9s de la p\u00e9pite vannetaise Robin Taccola, mais il a aussi jou\u00e9 second centre, samedi dernier \u00e0 Castres, lorsqu\u2019il a \u00e9t\u00e9 associ\u00e9 au puissant Tani Vili.<\/p>\n<p>Lui, n\u2019a pas de pr\u00e9f\u00e9rence : \u00ab Du moment que je suis sur la feuille et que je joue, \u00e7a me va \u00bb, a-t-il confi\u00e9, ce mercredi, en conf\u00e9rence de presse. Et il a \u00e9t\u00e9 servi ! Boudehent a pris part aux six derniers matchs du RCV, dont cinq en tant que titulaire, avec <a href=\"https:\/\/www.letelegramme.fr\/sports\/rugby\/rc-vannes\/normalement-je-dois-faire-la-passe-sur-laction-pierre-boudehent-raconte-son-premier-essai-avec-le-rc-vannes-a-lyon-6783699.php\" target=\"_blank\" rel=\"noopener\">un bel essai inscrit \u00e0 Lyon<\/a>.<\/p>\n<p>\u00ab Jean-No (Spitzer) m\u2019avait dit qu\u2019il avait besoin de fra\u00eecheur \u00bb<\/p>\n<p>\u00ab Je suis tr\u00e8s content ! Jean-No (Spitzer) m\u2019avait dit qu\u2019il avait besoin de fra\u00eecheur dans l\u2019\u00e9quipe. Moi aussi, j\u2019en avais besoin. \u00c7a convenait \u00e0 tout le monde. Et je me suis tr\u00e8s bien senti dans cette \u00e9quipe, dans le projet de jeu\u2026 En tant que sportif de haut niveau, il faut jouer. J\u2019ai connu le fait de ne pas jouer, c\u2019\u00e9tait horrible \u00bb, a ajout\u00e9 celui qui a disput\u00e9 un seul match avec le Stade Fran\u00e7ais lors de la premi\u00e8re partie de saison.<\/p>\n<p>Sous contrat avec le club parisien jusqu\u2019en 2026, Boudehent conc\u00e8de qu\u2019il se verrait bien rester en Bretagne la saison prochaine. \u00ab C\u2019est une possibilit\u00e9, j\u2019aimerais bien. On est en discussion avec le club. \u00bb<\/p>\n","protected":false},"excerpt":{"rendered":"Top 14 (22e journ\u00e9e). RC Vannes &#8211; RC Toulon, samedi (16 h 30) Le RC Vannes a eu&hellip;\n","protected":false},"author":2,"featured_media":47064,"comment_status":"","ping_status":"","sticky":false,"template":"","format":"standard","meta":{"footnotes":""},"categories":[1416],"tags":[3166,1011,27,3164,3167,479,1468,60,478,3165],"class_list":{"0":"post-47063","1":"post","2":"type-post","3":"status-publish","4":"format-standard","5":"has-post-thumbnail","7":"category-rugby","8":"tag-en-continu-sports","9":"tag-fr","10":"tag-france","11":"tag-rc-vannes","12":"tag-rcv","13":"tag-rugby","14":"tag-rugby-football","15":"tag-sports","16":"tag-top-14","17":"tag-vannes"},"share_on_mastodon":{"url":"https:\/\/pubeurope.com\/@fr\/114388347545261009","error":""},"_links":{"self":[{"href":"https:\/\/www.europesays.com\/fr\/wp-json\/wp\/v2\/posts\/47063","targetHints":{"allow":["GET"]}}],"collection":[{"href":"https:\/\/www.europesays.com\/fr\/wp-json\/wp\/v2\/posts"}],"about":[{"href":"https:\/\/www.europesays.com\/fr\/wp-json\/wp\/v2\/types\/post"}],"author":[{"embeddable":true,"href":"https:\/\/www.europesays.com\/fr\/wp-json\/wp\/v2\/users\/2"}],"replies":[{"embeddable":true,"href":"https:\/\/www.europesays.com\/fr\/wp-json\/wp\/v2\/comments?post=47063"}],"version-history":[{"count":0,"href":"https:\/\/www.europesays.com\/fr\/wp-json\/wp\/v2\/posts\/47063\/revisions"}],"wp:featuredmedia":[{"embeddable":true,"href":"https:\/\/www.europesays.com\/fr\/wp-json\/wp\/v2\/media\/47064"}],"wp:attachment":[{"href":"https:\/\/www.europesays.com\/fr\/wp-json\/wp\/v2\/media?parent=47063"}],"wp:term":[{"taxonomy":"category","embeddable":true,"href":"https:\/\/www.europesays.com\/fr\/wp-json\/wp\/v2\/categories?post=47063"},{"taxonomy":"post_tag","embeddable":true,"href":"https:\/\/www.europesays.com\/fr\/wp-json\/wp\/v2\/tags?post=47063"}],"curies":[{"name":"wp","href":"https:\/\/api.w.org\/{rel}","templated":true}]}}