{"id":470632,"date":"2025-10-17T19:04:11","date_gmt":"2025-10-17T19:04:11","guid":{"rendered":"https:\/\/www.europesays.com\/fr\/470632\/"},"modified":"2025-10-17T19:04:11","modified_gmt":"2025-10-17T19:04:11","slug":"le-piege-tendu-par-macron-a-wauquiez-pendant-le-remaniement-les-indiscrets-du-figaro","status":"publish","type":"post","link":"https:\/\/www.europesays.com\/fr\/470632\/","title":{"rendered":"Le \u00abpi\u00e8ge\u00bb tendu par Macron \u00e0 Wauquiez pendant le remaniement&#8230; Les indiscrets du Figaro"},"content":{"rendered":"<p>\n    <strong>CONFIDENTIELS &#8211;\u00a0<\/strong>Chaque semaine, la r\u00e9daction emm\u00e8ne ses lecteurs dans les coulisses de la vie politique.<\/p>\n<p>Le complot d\u2019Attal pour \u00abtuer politiquement\u00bb Braun-Pivet<\/p>\n<p class=\"fig-paragraph\">L\u2019histoire de la Ve R\u00e9publique regorge de complots fourbis dans l\u2019ombre d\u2019un couloir.\u00a0Dans\u00a0<a href=\"http:\/\/www.lefigaro.fr\/vox\/politique\/l-un-des-objectifs-de-la-dissolution-etait-de-placer-le-rn-au-pouvoir-wally-bordas-leve-le-voile-sur-les-coulisses-de-l-assemblee-nationale-20250918\" target=\"_blank\" data-fig-type=\"Article\" rel=\"noopener\" data-gtm-custom-categorie=\"navigation\" data-gtm-custom-action=\"crossclick\" data-gtm-custom-label=\"Contextuel\" data-gtm-event=\"customEventSPE\" data-fig-domain=\"LEFIGARO\">Palais Bourbier, chroniques d\u2019une France ingouvernable<\/a> \u00a0(\u00c9d. Robert Laffont), le correspondant\u00a0parlementaire du Figaro,\u00a0<a href=\"https:\/\/www.lefigaro.fr\/auteur\/wally-bordas\" target=\"_blank\" rel=\"noopener\" data-gtm-custom-categorie=\"navigation\" data-gtm-custom-action=\"crossclick\" data-gtm-custom-label=\"Contextuel\" data-gtm-event=\"customEventSPE\">Wally Bordas<\/a>, r\u00e9v\u00e8le au grand jour ce qui se joue derri\u00e8re les murs de la Chambre Basse. On y apprend notamment que, au lendemain des l\u00e9gislatives anticip\u00e9es qui ont suivi la dissolution de l\u2019ann\u00e9e derni\u00e8re,\u00a0<a href=\"http:\/\/www.lefigaro.fr\/flash-actu\/il-marche-seul-marine-tondelier-raille-gabriel-attal-en-plein-direct-a-la-sortie-de-l-elysee-20251010\" data-fig-type=\"NewsFlash\" data-gtm-custom-categorie=\"navigation\" data-gtm-custom-action=\"crossclick\" data-gtm-custom-label=\"Contextuel\" data-gtm-event=\"customEventSPE\" data-fig-domain=\"LEFIGARO\" target=\"_blank\" rel=\"noopener\">Gabriel Attal<\/a>\u00a0a tout fait pour emp\u00eacher la r\u00e9\u00e9lection de Ya\u00ebl Braun-Pivet \u00e0 la pr\u00e9sidence de l\u2019Assembl\u00e9e. \u00abJe me bats pour toi\u00bb, jurait pourtant l\u2019ancien premier ministre \u00e0 la d\u00e9put\u00e9e des Yvelines lorsque celle-ci menait sa campagne interne pour convaincre du bien-fond\u00e9 de sa candidature. Mais, dans son dos, le patron du parti et des d\u00e9put\u00e9s Renaissance multipliait les coups de fil et les rendez-vous pour tenter de convaincre d\u2019autres d\u00e9put\u00e9s, comme les centristes (MoDem) Marc Fesneau ou Jean-Paul Mattei de se porter candidats contre la macroniste sortante.<\/p>\n<p class=\"fig-paragraph\">Jusqu\u2019\u00e0 envoyer son directeur de cabinet, Maxime Cordier, accompagn\u00e9 de Roland Lescure, dans le bureau du d\u00e9put\u00e9 Jean-Ren\u00e9 Cazeneuve (Renaissance), pour lui sugg\u00e9rer l\u2019id\u00e9e de renverser\u00a0<a href=\"http:\/\/www.lefigaro.fr\/conjoncture\/le-truc-qui-tombe-du-ciel-ca-suffit-yael-braun-pivet-appelle-de-nouveau-a-taxer-davantage-les-heritages-20251016\" data-fig-type=\"NewsFlash\" data-gtm-custom-categorie=\"navigation\" data-gtm-custom-action=\"crossclick\" data-gtm-custom-label=\"Contextuel\" data-gtm-event=\"customEventSPE\" data-fig-domain=\"LEFIGARO\" target=\"_blank\" rel=\"noopener\">Ya\u00ebl Braun-Pivet<\/a>\u00a0en se pr\u00e9sentant contre elle dans une primaire interne. \u00abJe refuse d\u2019entrer l\u00e0-dedans car je n\u2019aime pas les combines et les \u00e9curies. Et il n\u2019y a aucune raison pour nous de montrer un combat fratricide\u00bb, l\u00e2chera l\u2019int\u00e9ress\u00e9, lors d\u2019un coup de fil \u00e0 cette derni\u00e8re, pour la pr\u00e9venir du complot qui se tramait sans qu\u2019elle le sache. \u00abIl voulait la tuer politiquement\u00bb, l\u00e2che, dans le livre, un proche de Gabriel Attal. La combine secr\u00e8te \u00e9chouera. Et Ya\u00ebl Braun-Pivet sera finalement r\u00e9\u00e9lue contre le communiste Andr\u00e9 Chassaigne.<\/p>\n<p>    Couverture du livre \u00abPalais Bourbier, chroniques d\u2019une France ingouvernable\u00bb (Ed. Robert Laffont)<br \/>\n                \u00c9ditions Robert Laffont<\/p>\n<p>En plein remaniement, le \u00abpi\u00e8ge\u00bb tendu par Macron \u00e0 Wauquiez<\/p>\n<p class=\"fig-paragraph\">\u00c0\u2026<\/p>\n<p class=\"fig-premium-paywall__infos\">\n        Cet article est r\u00e9serv\u00e9 aux abonn\u00e9s.        Il vous reste 67% \u00e0 d\u00e9couvrir.\n    <\/p>\n<p>                <img  data- alt=\"Le Figaro\" class=\"fig-img--complete fig-img\"\/><\/p>\n<p class=\"fig-premium-paywall__title\">Vous avez envie de lire la suite ?<\/p>\n<p class=\"fig-premium-paywall__subtitle\">D\u00e9bloquez tous les articles imm\u00e9diatement.<\/p>\n<p class=\"fig-premium-paywall__connect\">\n                D\u00e9j\u00e0 abonn\u00e9\u00a0?                <a class=\"fig-premium-paywall__connect-link\" href=\"https:\/\/connect.lefigaro.fr\/login?client=horizon_web&amp;type=main&amp;redirect_uri=https%3A%2F%2Fwww.lefigaro.fr%2Fpolitique%2Fle-piege-tendu-par-macron-a-wauquiez-pendant-le-remaniement-les-indiscrets-du-figaro-20251017\" data-js-gtm=\"{&quot;customCategorie&quot;: &quot;conversion&quot;, &quot;customAction&quot;: &quot;before_Landing_Connexion_paywall_manuel&quot;, &quot;customLabel&quot;: &quot;bGVmaWdhcm8uZnJfXzFmMGE1MGEyLTZlNmEtNjJlMC1hYjNmLTE3YmFkMTBjMzQ2Y19fTmV3c0ZsYXNo_Le \u00abpi\u00e8ge\u00bb tendu par Macron \u00e0 Wauquiez pendant le remaniement... Les indiscrets du &lt;i&gt;Figaro&lt;\/i&gt;_1&quot;, &quot;customIDSPE&quot;: &quot;bGVmaWdhcm8uZnJfXzFmMGE1MGEyLTZlNmEtNjJlMC1hYjNmLTE3YmFkMTBjMzQ2Y19fTmV3c0ZsYXNo&quot;, &quot;event&quot;: &quot;customEventSPE&quot;}\" target=\"_blank\" rel=\"noopener\"><br \/>\n                    Connectez-vous<br \/>\n                <\/a>\n            <\/p>\n","protected":false},"excerpt":{"rendered":"CONFIDENTIELS &#8211;\u00a0Chaque semaine, la r\u00e9daction emm\u00e8ne ses lecteurs dans les coulisses de la vie politique. Le complot d\u2019Attal&hellip;\n","protected":false},"author":2,"featured_media":470633,"comment_status":"","ping_status":"","sticky":false,"template":"","format":"standard","meta":{"footnotes":""},"categories":[4],"tags":[11,1073,1011,27,5639,12,25],"class_list":{"0":"post-470632","1":"post","2":"type-post","3":"status-publish","4":"format-standard","5":"has-post-thumbnail","7":"category-france","8":"tag-actualites","9":"tag-emmanuel-macron","10":"tag-fr","11":"tag-france","12":"tag-laurent-wauquiez","13":"tag-news","14":"tag-republique-francaise"},"share_on_mastodon":{"url":"https:\/\/pubeurope.com\/@fr\/115391067845069500","error":""},"_links":{"self":[{"href":"https:\/\/www.europesays.com\/fr\/wp-json\/wp\/v2\/posts\/470632","targetHints":{"allow":["GET"]}}],"collection":[{"href":"https:\/\/www.europesays.com\/fr\/wp-json\/wp\/v2\/posts"}],"about":[{"href":"https:\/\/www.europesays.com\/fr\/wp-json\/wp\/v2\/types\/post"}],"author":[{"embeddable":true,"href":"https:\/\/www.europesays.com\/fr\/wp-json\/wp\/v2\/users\/2"}],"replies":[{"embeddable":true,"href":"https:\/\/www.europesays.com\/fr\/wp-json\/wp\/v2\/comments?post=470632"}],"version-history":[{"count":0,"href":"https:\/\/www.europesays.com\/fr\/wp-json\/wp\/v2\/posts\/470632\/revisions"}],"wp:featuredmedia":[{"embeddable":true,"href":"https:\/\/www.europesays.com\/fr\/wp-json\/wp\/v2\/media\/470633"}],"wp:attachment":[{"href":"https:\/\/www.europesays.com\/fr\/wp-json\/wp\/v2\/media?parent=470632"}],"wp:term":[{"taxonomy":"category","embeddable":true,"href":"https:\/\/www.europesays.com\/fr\/wp-json\/wp\/v2\/categories?post=470632"},{"taxonomy":"post_tag","embeddable":true,"href":"https:\/\/www.europesays.com\/fr\/wp-json\/wp\/v2\/tags?post=470632"}],"curies":[{"name":"wp","href":"https:\/\/api.w.org\/{rel}","templated":true}]}}