{"id":470635,"date":"2025-10-17T19:06:31","date_gmt":"2025-10-17T19:06:31","guid":{"rendered":"https:\/\/www.europesays.com\/fr\/470635\/"},"modified":"2025-10-17T19:06:31","modified_gmt":"2025-10-17T19:06:31","slug":"la-capeb-loire-va-ouvrir-son-choeur-aux-autres","status":"publish","type":"post","link":"https:\/\/www.europesays.com\/fr\/470635\/","title":{"rendered":"La Capeb Loire va ouvrir son \u00ab\u00a0Ch\u0153ur\u00a0\u00bb aux autres"},"content":{"rendered":"<p class=\"is-style-chapo\">\u00ab\u00a0Obsol\u00e8tes\u00a0\u00bb, ses 900 m2 de locaux au Technop\u00f4le \u00e0 Saint-Etienne vont \u00eatre remplac\u00e9s, sur la m\u00eame parcelle, par un bien plus vaste b\u00e2timent\u00a0: Le Ch\u0153ur totalisera pr\u00e8s de 3 600 m2 pour un investissement de 10 M\u20ac avec l\u2019appui de ses propres adh\u00e9rents. La Conf\u00e9d\u00e9ration de l\u2019artisanat et des petites entreprises du b\u00e2timent (Capeb) de la\u00a0Loire en occupera un peu moins d\u2019un quart afin d\u2019y maintenir son si\u00e8ge. Le reste sera revendu, sinon lou\u00e9, avec l\u2019id\u00e9e de mutualiser des services communs pour l\u2019ensemble des occupants.<\/p>\n<p><img fetchpriority=\"high\" decoding=\"async\" width=\"1024\" height=\"576\" src=\"https:\/\/www.europesays.com\/fr\/wp-content\/uploads\/2025\/10\/1759914806791-1024x576.jpg\" alt=\"\" class=\"wp-image-80795\"  \/>\u00a0C\u2019est le cabinet d\u2019architectes st\u00e9phanois Tassin et R\u00e9ocreux qui a \u00e9t\u00e9 engag\u00e9 pour le futur \u00ab\u00a0Ch\u0153ur\u00a0\u00bb. Esquisse transmise par la Capeb Loire<\/p>\n<p>L\u2019emplacement \u00e9tait convoit\u00e9 mais la Capeb ne l\u2019a pas c\u00e9d\u00e9. Elle veut, au contraire, en faire un atout, une source de revenus, en s\u2019appuyant sur sa valeur potentielle dans un contexte r\u00e9put\u00e9 de p\u00e9nurie de bureaux \u00e0 Saint-Etienne. L\u2019activit\u00e9 de cette p\u00e9riph\u00e9rie st\u00e9phanoise qu\u2019est le Technop\u00f4le ne conna\u00eet, il est vrai, pas les m\u00eames soucis que l\u2019hypercentre\u2026 Install\u00e9e au 13, rue Camille-de-Rochetaill\u00e9e, \u00e0 proximit\u00e9 de Geoffroy-Guichard, la Conf\u00e9d\u00e9ration de l\u2019artisanat et des petites entreprises du b\u00e2timent (Capeb) de la\u00a0Loire vient en effet d\u2019officialiser un projet immobilier qui fait appel \u00e0 ses 800 adh\u00e9rents.\u00a0Pas seulement pour b\u00e2tir mais aussi pour, en partie, le financer.<\/p>\n<p>Pr\u00e9sid\u00e9e par Adrien <a href=\"https:\/\/www.if-saint-etienne.fr\/breves\/capeb-dans-la-loire-adrien-dessailly-reelu-pour-trois-ans\" target=\"_blank\" rel=\"noreferrer noopener nofollow\">Dessailly<\/a> dans la Loire, la Capeb n\u2019est pas \u00e0 confondre avec la <a href=\"https:\/\/www.if-saint-etienne.fr\/economie\/didier-brosse-fbtp-loire-lannee-ecoulee-plutot-moins-pire-que-prevue-mais\" target=\"_blank\" rel=\"noreferrer noopener nofollow\">FBTP<\/a> Loire, branche professionnelle parmi d\u2019autres du Medef m\u00eame si quelques-uns de ses membres adh\u00e8rent aux deux organisations. L\u2019\u00e9crasante majorit\u00e9 d\u2019entre eux ont moins des dix salari\u00e9s, beaucoup sont des artisans solos, quelques rares adh\u00e9rents seulement d\u00e9passent les 50 salari\u00e9s dans la Loire. Cette conf\u00e9d\u00e9ration \u2013 qui suit donc une logique d\u00e9partementalis\u00e9e\u00a0: plus qu\u2019autonome, ind\u00e9pendante \u2013 d\u00e9fend les int\u00e9r\u00eats de l\u2019artisanat dans le b\u00e2timent aupr\u00e8s des pouvoirs publics et, comme d\u2019autres groupements, forme mais aussi assiste et conseille ses membres sur des probl\u00e9matiques juridiques, sociales, RH ou encore techniques. C\u2019est le r\u00f4le des 8 salari\u00e9s qu\u2019elle compte, install\u00e9s dans ce b\u00e2timent de 900 m2 (la Capeb a aussi des bureaux partag\u00e9s pour son antenne de Roanne).<\/p>\n<p>Le \u00ab\u00a0Ch\u0153ur\u00a0\u00bb de la Capeb Loire<\/p>\n<p>Un b\u00e2timent qui a bien fait son temps et dont la <a href=\"https:\/\/www.capeb.fr\/loire\" target=\"_blank\" rel=\"noreferrer noopener nofollow\">Capeb<\/a> n\u2019occupe de toute fa\u00e7on qu\u2019une petite moiti\u00e9. Or, ses locataires \u2013 une association pour 50 m2 \u2013 et surtout, l\u2019Ecole de la 2e chance pour tout un niveau, ont quitt\u00e9 les lieux. D\u00e9but 2024 pour la seconde. \u00ab\u00a0La configuration de ces lieux ne correspond plus aux nouvelles m\u00e9thodes de travail, aux exigences de confort actuelles, aux services que l\u2019on se doit de fournir. Ils sont mal \u00e9quip\u00e9s\u2026 Bref, ils sont obsol\u00e8tes aussi bien pour nos propres salari\u00e9s que pour l\u2019accueil du public ext\u00e9rieur, des adh\u00e9rents ou encore des formations qui y sont dispens\u00e9es en permanence, d\u00e9crit aupr\u00e8s d\u2019If Guillaume Schreiner, administrateur de la Capeb Loire. Nous nous sommes dit que le d\u00e9part des locataires \u00e9tait l\u2019occasion de se doter d\u2019un nouveau si\u00e8ge moderne, dans le cadre d\u2019un b\u00e2timent beaucoup plus grand qui va ainsi totaliser 3 590 m2.\u00bb<\/p>\n<p><img loading=\"lazy\" decoding=\"async\" width=\"1024\" height=\"682\" src=\"https:\/\/www.europesays.com\/fr\/wp-content\/uploads\/2025\/10\/1759940570650-1024x682.jpg\" alt=\"\" class=\"wp-image-80796\"  \/>Durant l\u2019ann\u00e9e \u00e9coul\u00e9e, les membres de la Capeb ont naturellement apport\u00e9 leur pierre \u00e0 la conception des lieux. \u00a9Capeb Loire<\/p>\n<p>La Capeb Loire a tranch\u00e9 sur ce projet en 2024 avant de le faire d\u00e9finitivement valider il y a quelques semaines en AG. Situ\u00e9 sur une parcelle d\u2019environ 2 300 m2, \u00ab\u00a0Le Ch\u0153ur\u00a0\u00bb comptera quatre niveaux ainsi qu\u2019un un \u00ab\u00a0R +4\u00a0\u00bb en \u00ab\u00a0demi\u00a0\u00bb \u00e9tage, c\u2019est-\u00e0-dire 460 m2 \u00ab\u00a0d\u2019int\u00e9rieurs\u00a0\u00bb et le reste, occup\u00e9 par deux terrasses \u2013 des \u00ab\u00a0rooftops\u00a0\u00bb\u00a0\u2013 de 113 et 86 m2 ainsi que de la v\u00e9g\u00e9tation. Un sous-sol abritera, lui, 29 places de parking (et un local v\u00e9lo de 25 places) s\u2019ajoutant aux 16 autres \u00e0 l\u2019air libre. La Capeb ayant fix\u00e9 ses propres besoins \u00e0 700 m2 et la moiti\u00e9 du toit terrasse, il s\u2019agit de proposer le reste \u00e0 la location ou \u00e0 la vente des bureaux \u00ab\u00a0pour des activit\u00e9s tertiaires, ayant des liens avec les n\u00f4tres comme des architectes, des notaires, des experts-comptables, sinon pourquoi pas des services, comme une cr\u00e8che pouvant b\u00e9n\u00e9ficier \u00e0 tous et \u00e0 des salari\u00e9s des environs\u00a0\u00bb, souligne Guillaume Schreiner, \u00e0 la t\u00eate de la SAS B\u00e2ti Capeb 42, soci\u00e9t\u00e9 commerciale temporaire cr\u00e9\u00e9e pour mener \u00e0 bien l\u2019op\u00e9ration.<\/p>\n<p>Un syst\u00e8me d\u2019obligations pour le co-financer<\/p>\n<p>Elle incite, d\u2019ailleurs, les 800 adh\u00e9rents de la Conf\u00e9d\u00e9ration Loire, via un syst\u00e8me d\u2019achat d\u2019obligations par tranche de 5 000 \u20ac (accessible aux non adh\u00e9rents), r\u00e9mun\u00e9r\u00e9s \u00e0 3 % par an, \u00e0 cofinancer sur les 4 ans \u00e0 venir cet investissement au montant assez notable de 10 M\u20ac m\u00eame s\u2019il sera aussi fait appel aux banques. L\u2019ensemble a \u00e9t\u00e9 con\u00e7u pendant un an, petit \u00e0 petit, avec, d\u2019ailleurs, le concours de membres\u00a0: c\u2019est leur m\u00e9tier. Il visera une certification \u00ab\u00a0<a href=\"https:\/\/www.greenaffair.com\/obtenir-la-certification-breeam\/\" target=\"_blank\" rel=\"noreferrer noopener nofollow\">Breeam<\/a>\u00a0very good \u00bb, label anglo-saxon, et cr\u00e8me de la cr\u00e8me en performances environnementales des b\u00e2timents (au-del\u00e0 d\u2019une performance \u00e9nerg\u00e9tique premium, jusqu\u2019\u00e0 \u00e9valuer la p\u00e9rennit\u00e9 et le recyclage des mat\u00e9riaux utilis\u00e9s).\u00a0Il s\u2019agirait alors du 2e b\u00e2timent \u00e0 en disposer dans la Loire avec le b\u00e2timent <a href=\"https:\/\/www.if-saint-etienne.fr\/economie\/sigale-inovy-derriere-plus-de-7-000-m2-de-bureaux-neufs-a-saint-priest-en-jarez\" target=\"_blank\" rel=\"noreferrer noopener nofollow\">Sigale<\/a> cr\u00e9\u00e9 par Inovy. Mais le premier en ossature bois comme le sera Le Ch\u0153ur.<\/p>\n<p><img loading=\"lazy\" decoding=\"async\" width=\"1024\" height=\"576\" src=\"https:\/\/www.europesays.com\/fr\/wp-content\/uploads\/2025\/10\/1759914817167-1024x576.jpg\" alt=\"\" class=\"wp-image-80797\"  \/>Le nouvel \u00e9crin vise conjuguer un contexte de travail efficace, moderne mais aussi agr\u00e9able et convivial, bref de son temps. Esquisse transmise par la Capeb Loire<\/p>\n<p>\u00ab\u00a0Nous souhaitons des lieux permettant d\u2019assurer des services optimums \u00e0 nos adh\u00e9rents tout en mutualisant des \u00e9l\u00e9ments avec les autres occupants, explique Guillaume Schreiner. Des salles de r\u00e9union, oui, \u00e9videmment, \u00e9ventuellement accessibles aussi pour des sollicitations ext\u00e9rieures ponctuelles. Mais aussi une conciergerie confi\u00e9e \u00e0 un tiers pour g\u00e9rer cela et apporter d\u2019autres services communs ou non.\u00a0\u00bb La Capeb esp\u00e8re lancer son projet mi 2026 au plus tard pour s\u2019y installer d\u00e9but 2028. \u00a0\u00a0\u00a0\u00a0<\/p>\n","protected":false},"excerpt":{"rendered":"\u00ab\u00a0Obsol\u00e8tes\u00a0\u00bb, ses 900 m2 de locaux au Technop\u00f4le \u00e0 Saint-Etienne vont \u00eatre remplac\u00e9s, sur la m\u00eame parcelle, par&hellip;\n","protected":false},"author":2,"featured_media":470636,"comment_status":"","ping_status":"","sticky":false,"template":"","format":"standard","meta":{"footnotes":""},"categories":[9653],"tags":[1111,11,2430,4807,59419,59420,16350,1777,674,1011,27,59421,12,25,4001,59422,20228],"class_list":{"0":"post-470635","1":"post","2":"type-post","3":"status-publish","4":"format-standard","5":"has-post-thumbnail","7":"category-saint-etienne","8":"tag-actu","9":"tag-actualites","10":"tag-auvergne-rhone-alpes","11":"tag-batiment","12":"tag-capeb","13":"tag-capeb-loire","14":"tag-constructif","15":"tag-eu","16":"tag-europe","17":"tag-fr","18":"tag-france","19":"tag-le-choeur","20":"tag-news","21":"tag-republique-francaise","22":"tag-saint-etienne","23":"tag-siege-capeb","24":"tag-technopole"},"share_on_mastodon":{"url":"https:\/\/pubeurope.com\/@fr\/115391076284527745","error":""},"_links":{"self":[{"href":"https:\/\/www.europesays.com\/fr\/wp-json\/wp\/v2\/posts\/470635","targetHints":{"allow":["GET"]}}],"collection":[{"href":"https:\/\/www.europesays.com\/fr\/wp-json\/wp\/v2\/posts"}],"about":[{"href":"https:\/\/www.europesays.com\/fr\/wp-json\/wp\/v2\/types\/post"}],"author":[{"embeddable":true,"href":"https:\/\/www.europesays.com\/fr\/wp-json\/wp\/v2\/users\/2"}],"replies":[{"embeddable":true,"href":"https:\/\/www.europesays.com\/fr\/wp-json\/wp\/v2\/comments?post=470635"}],"version-history":[{"count":0,"href":"https:\/\/www.europesays.com\/fr\/wp-json\/wp\/v2\/posts\/470635\/revisions"}],"wp:featuredmedia":[{"embeddable":true,"href":"https:\/\/www.europesays.com\/fr\/wp-json\/wp\/v2\/media\/470636"}],"wp:attachment":[{"href":"https:\/\/www.europesays.com\/fr\/wp-json\/wp\/v2\/media?parent=470635"}],"wp:term":[{"taxonomy":"category","embeddable":true,"href":"https:\/\/www.europesays.com\/fr\/wp-json\/wp\/v2\/categories?post=470635"},{"taxonomy":"post_tag","embeddable":true,"href":"https:\/\/www.europesays.com\/fr\/wp-json\/wp\/v2\/tags?post=470635"}],"curies":[{"name":"wp","href":"https:\/\/api.w.org\/{rel}","templated":true}]}}