{"id":470645,"date":"2025-10-17T19:12:16","date_gmt":"2025-10-17T19:12:16","guid":{"rendered":"https:\/\/www.europesays.com\/fr\/470645\/"},"modified":"2025-10-17T19:12:16","modified_gmt":"2025-10-17T19:12:16","slug":"toulon-les-nouvelles-dispositions-pour-les-obligations-legales-de-debroussaillement-dans-le-var","status":"publish","type":"post","link":"https:\/\/www.europesays.com\/fr\/470645\/","title":{"rendered":"TOULON : Les nouvelles dispositions pour les obligations l\u00e9gales de d\u00e9broussaillement dans le Var"},"content":{"rendered":"<p><strong>LUTTE CONTRE LES FEUX DE FOR\u00caT \u2013 Le pr\u00e9fet pr\u00e9sente les nouvelles dispositions pour les obligations l\u00e9gales de d\u00e9broussaillement dans le Var.<\/strong><\/p>\n<p>Le pr\u00e9fet du Var pr\u00e9sentera le nouvel arr\u00eat\u00e9 pr\u00e9fectoral, sign\u00e9 le 26 septembre 2025, qui fixe le r\u00e8glement permanent du d\u00e9broussaillement obligatoire et du maintien en \u00e9tat d\u00e9broussaill\u00e9 des espaces expos\u00e9s aux risques incendie de for\u00eat dans le d\u00e9partement du Var.<br \/>Avec le pr\u00e9sident du Conseil d\u00e9partemental, il fera un point sur la mise en oeuvre de cet arr\u00eat\u00e9 tandis que le Service d\u00e9partemental d\u2019incendie et de secours pr\u00e9sentera les enjeux du d\u00e9broussaillement dans la lutte contre les feux de for\u00eats et que l\u2019Office national des for\u00eats rappellera les contr\u00f4les men\u00e9s aupr\u00e8s des collectivit\u00e9s et des particuliers.<\/p>\n<p><strong>Cette conf\u00e9rence de presse se d\u00e9roulera sur le terrain en pr\u00e9sence des partenaires et acteurs mobilis\u00e9s :<\/strong><br \/><strong>Mardi 21 octobre \u00e0 10 h<\/strong><br \/><strong>Rendez-vous face au Camping des Grands Pins<\/strong><br \/><strong>3084 Mont du Vieux Camp \u2013 Le Castellet<\/strong><\/p>\n<p>Apr\u00e8s plus d\u2019un an de concertation avec l\u2019ensemble des acteurs de la D\u00e9fense des for\u00eats contre les incendies (DFCI), ce nouvel arr\u00eat\u00e9 r\u00e9affirme l\u2019importance de la pr\u00e9vention par la r\u00e9alisation des obligations l\u00e9gales de d\u00e9broussaillement.<br \/>Il introduit plusieurs avanc\u00e9es majeures pour concilier la s\u00e9curit\u00e9 publique avec la pr\u00e9servation de la biodiversit\u00e9, des enjeux environnementaux et du paysage.<br \/>Le d\u00e9broussaillement demeure une mesure essentielle pour limiter la propagation des incendies, permettre la protection des personnes, des biens et faciliter l\u2019intervention des secours, tout en pr\u00e9servant les continuit\u00e9s \u00e9cologiques, la biodiversit\u00e9 et la richesse des paysages varois.<\/p>\n","protected":false},"excerpt":{"rendered":"LUTTE CONTRE LES FEUX DE FOR\u00caT \u2013 Le pr\u00e9fet pr\u00e9sente les nouvelles dispositions pour les obligations l\u00e9gales de&hellip;\n","protected":false},"author":2,"featured_media":92560,"comment_status":"","ping_status":"","sticky":false,"template":"","format":"standard","meta":{"footnotes":""},"categories":[9619],"tags":[1111,11,1777,674,1011,27,12,882,25,2310],"class_list":{"0":"post-470645","1":"post","2":"type-post","3":"status-publish","4":"format-standard","5":"has-post-thumbnail","7":"category-toulon","8":"tag-actu","9":"tag-actualites","10":"tag-eu","11":"tag-europe","12":"tag-fr","13":"tag-france","14":"tag-news","15":"tag-provence-alpes-cote-dazur","16":"tag-republique-francaise","17":"tag-toulon"},"share_on_mastodon":{"url":"https:\/\/pubeurope.com\/@fr\/115391099260894123","error":""},"_links":{"self":[{"href":"https:\/\/www.europesays.com\/fr\/wp-json\/wp\/v2\/posts\/470645","targetHints":{"allow":["GET"]}}],"collection":[{"href":"https:\/\/www.europesays.com\/fr\/wp-json\/wp\/v2\/posts"}],"about":[{"href":"https:\/\/www.europesays.com\/fr\/wp-json\/wp\/v2\/types\/post"}],"author":[{"embeddable":true,"href":"https:\/\/www.europesays.com\/fr\/wp-json\/wp\/v2\/users\/2"}],"replies":[{"embeddable":true,"href":"https:\/\/www.europesays.com\/fr\/wp-json\/wp\/v2\/comments?post=470645"}],"version-history":[{"count":0,"href":"https:\/\/www.europesays.com\/fr\/wp-json\/wp\/v2\/posts\/470645\/revisions"}],"wp:featuredmedia":[{"embeddable":true,"href":"https:\/\/www.europesays.com\/fr\/wp-json\/wp\/v2\/media\/92560"}],"wp:attachment":[{"href":"https:\/\/www.europesays.com\/fr\/wp-json\/wp\/v2\/media?parent=470645"}],"wp:term":[{"taxonomy":"category","embeddable":true,"href":"https:\/\/www.europesays.com\/fr\/wp-json\/wp\/v2\/categories?post=470645"},{"taxonomy":"post_tag","embeddable":true,"href":"https:\/\/www.europesays.com\/fr\/wp-json\/wp\/v2\/tags?post=470645"}],"curies":[{"name":"wp","href":"https:\/\/api.w.org\/{rel}","templated":true}]}}