{"id":470646,"date":"2025-10-17T19:13:15","date_gmt":"2025-10-17T19:13:15","guid":{"rendered":"https:\/\/www.europesays.com\/fr\/470646\/"},"modified":"2025-10-17T19:13:15","modified_gmt":"2025-10-17T19:13:15","slug":"on-se-voit-en-concert-le-rappeur-lujipeka-de-passage-a-la-fnac-de-montpellier-pour-dedicacer-son-dernier-album","status":"publish","type":"post","link":"https:\/\/www.europesays.com\/fr\/470646\/","title":{"rendered":"\u00ab\u00a0On se voit en concert\u00a0\u00bb\u00a0: Le rappeur Lujipeka de passage \u00e0 la Fnac de Montpellier pour d\u00e9dicacer son dernier album"},"content":{"rendered":"<p>\n                                                                De passage \u00e0 Montpellier en pleine tourn\u00e9e de d\u00e9dicaces, le rappeur s\u2019est pr\u00eat\u00e9 au jeu des d\u00e9dicaces et des selfies avec ses fans, venus en nombre ce vendredi 17\u00a0octobre.\n                            <\/p>\n<p>La file d\u2019attente n\u2019en finissait pas. Ce vendredi 17\u00a0octobre en fin d\u2019apr\u00e8s-midi, le rappeur Lujipeka \u00e9tait pr\u00e9sent pour une rencontre avec ses fans\u00a0\u00e0 la Fnac du Polygone de Montpellier. Et ils ont r\u00e9pondu pr\u00e9sent. 150 \u00e0 200 personnes attendaient impatiemment leur tour d\u00e8s 17\u00a0h.<\/p>\n<p>        <img decoding=\"async\" class=\"std-img__img responsive-img\" src=\"https:\/\/www.europesays.com\/fr\/wp-content\/uploads\/2025\/10\/1760728394_37_image.jpg\" alt=\"La file d\u2019attente pour rencontrer le chanteur s\u2019\u00e9tirait jusqu\u2019aux portes lat\u00e9rales du centre commercial.\"\/><\/p>\n<p>                La file d\u2019attente pour rencontrer le chanteur s\u2019\u00e9tirait jusqu\u2019aux portes lat\u00e9rales du centre commercial.<br \/>\n                                    Midi Libre &#8211; Laurie Baud<\/p>\n<p>\u00ab\u00a0J\u2019attends depuis 10\u00a0h ce matin de le rencontrer\u00a0\u00bb, s\u2019impatiente Vyliak, 20 ans. En t\u00eate de file avec son amie Sygin, 25 ans, elle compte bien r\u00e9clamer d\u00e9dicaces et photos \u00e0 l\u2019artiste originaire de Rennes. \u00ab\u00a0Je vais faire signer mon poster et\u00a0mon t\u00e9l\u00e9phone, j\u2019ai vraiment trop h\u00e2te. On l\u2019\u00e9coute depuis l\u2019\u00e9poque de Columbine\u00a0!\u00a0\u00bb\u00a0Avant de commencer sa carri\u00e8re solo en 2019, Lujipeka \u00e9tait l\u2019un des principaux membres du collectif de rap.<\/p>\n<p>\u00ab\u00a0Je me reconnais beaucoup dans ses textes\u00a0\u00bb<\/p>\n<p>Ma\u00eblle, 17 ans, patiente aussi depuis plusieurs heures. Elle est venue d\u2019Avignon accompagn\u00e9e de son fr\u00e8re Enzo\u00a0et de sa copine Angel. \u00ab\u00a0J\u2019\u00e9coute ses chansons depuis mes 7 ans. Je me reconnais beaucoup dans ses textes. Quand il parle de harc\u00e8lement ou de solitude par exemple. Dans les sons de son nouvel album, j\u2019ai l\u2019impression de retrouver le Luji&rsquo; de 2017. C\u2019est vraiment un retour aux sources r\u00e9ussi.\u00a0\u00bb<\/p>\n<p>        <img decoding=\"async\" class=\"std-img__img responsive-img\" src=\"https:\/\/www.europesays.com\/fr\/wp-content\/uploads\/2025\/10\/1760728395_881_image.jpg\" alt=\"Vyliak et Sygin repartent ravies de leur \u00e9change avec le rappeur.\"\/><\/p>\n<p>                Vyliak et Sygin repartent ravies de leur \u00e9change avec le rappeur.<br \/>\n                                    Midi Libre &#8211; Laurie Baud<\/p>\n<p>\u00c0 l\u2019arriv\u00e9e de l\u2019artiste, c\u2019est l\u2019effervescence. Les d\u00e9dicaces commencent. Il prend le temps d\u2019\u00e9changer avec chacun de ses fans. \u00ab\u00a0Vous avez aim\u00e9 l\u2019album\u00a0? Merci beaucoup d\u2019\u00eatre venu. On se voit en concert\u00a0!\u00a0\u00bb\u00a0Il signe son dernier album \u00ab\u00a0Br\u00fbler Paris\u00a0\u00bb sorti le 3\u00a0octobre.<\/p>\n","protected":false},"excerpt":{"rendered":"De passage \u00e0 Montpellier en pleine tourn\u00e9e de d\u00e9dicaces, le rappeur s\u2019est pr\u00eat\u00e9 au jeu des d\u00e9dicaces et&hellip;\n","protected":false},"author":2,"featured_media":470647,"comment_status":"","ping_status":"","sticky":false,"template":"","format":"standard","meta":{"footnotes":""},"categories":[9599],"tags":[1111,11,1777,674,1011,27,2208,12,2680,25],"class_list":{"0":"post-470646","1":"post","2":"type-post","3":"status-publish","4":"format-standard","5":"has-post-thumbnail","7":"category-montpellier","8":"tag-actu","9":"tag-actualites","10":"tag-eu","11":"tag-europe","12":"tag-fr","13":"tag-france","14":"tag-montpellier","15":"tag-news","16":"tag-occitanie","17":"tag-republique-francaise"},"share_on_mastodon":{"url":"https:\/\/pubeurope.com\/@fr\/115391104002683210","error":""},"_links":{"self":[{"href":"https:\/\/www.europesays.com\/fr\/wp-json\/wp\/v2\/posts\/470646","targetHints":{"allow":["GET"]}}],"collection":[{"href":"https:\/\/www.europesays.com\/fr\/wp-json\/wp\/v2\/posts"}],"about":[{"href":"https:\/\/www.europesays.com\/fr\/wp-json\/wp\/v2\/types\/post"}],"author":[{"embeddable":true,"href":"https:\/\/www.europesays.com\/fr\/wp-json\/wp\/v2\/users\/2"}],"replies":[{"embeddable":true,"href":"https:\/\/www.europesays.com\/fr\/wp-json\/wp\/v2\/comments?post=470646"}],"version-history":[{"count":0,"href":"https:\/\/www.europesays.com\/fr\/wp-json\/wp\/v2\/posts\/470646\/revisions"}],"wp:featuredmedia":[{"embeddable":true,"href":"https:\/\/www.europesays.com\/fr\/wp-json\/wp\/v2\/media\/470647"}],"wp:attachment":[{"href":"https:\/\/www.europesays.com\/fr\/wp-json\/wp\/v2\/media?parent=470646"}],"wp:term":[{"taxonomy":"category","embeddable":true,"href":"https:\/\/www.europesays.com\/fr\/wp-json\/wp\/v2\/categories?post=470646"},{"taxonomy":"post_tag","embeddable":true,"href":"https:\/\/www.europesays.com\/fr\/wp-json\/wp\/v2\/tags?post=470646"}],"curies":[{"name":"wp","href":"https:\/\/api.w.org\/{rel}","templated":true}]}}