{"id":470650,"date":"2025-10-17T19:15:12","date_gmt":"2025-10-17T19:15:12","guid":{"rendered":"https:\/\/www.europesays.com\/fr\/470650\/"},"modified":"2025-10-17T19:15:12","modified_gmt":"2025-10-17T19:15:12","slug":"foires-a-tout-bourses-lagenda-pour-chiner-en-seine-maritime-ce-weekend","status":"publish","type":"post","link":"https:\/\/www.europesays.com\/fr\/470650\/","title":{"rendered":"Foires \u00e0 tout, bourses&#8230; L&rsquo;agenda pour chiner en Seine-Maritime ce weekend"},"content":{"rendered":"<p>            Par<br \/>\n        <strong><br \/>\n            <a href=\"https:\/\/actu.fr\/auteur\/julien-bouteiller\" title=\"Consulter tous les articles de Julien Bouteiller\" target=\"_blank\" rel=\"noopener\">Julien Bouteiller<\/a><br \/>\n        <\/strong><\/p>\n<p>        Publi\u00e9 le<\/p>\n<p>            17 oct. 2025 \u00e0 20h52        <\/p>\n<p>Le weekend est l\u00e0, et avec lui, de nouveaux rendez-vous pour chiner. Si vous voulez faire de bonnes affaires, <strong>voici l\u2019agenda des foires \u00e0 tout<\/strong> annonc\u00e9es <a href=\"https:\/\/actu.fr\/76actu\/\" target=\"_blank\" rel=\"noopener\">en Seine-Maritime<\/a> ces 18 et 19\u00a0octobre 2025.<\/p>\n<p>Les foires \u00e0 tout du samedi 18\u00a0octobre en Seine-Maritime<\/p>\n<ul class=\" wall-content\">\n<li><strong>Beuzeville-la-Gu\u00e9rard\u2009: <\/strong>vente de livres et jeux, \u00e0 l\u2019\u00e9cole Graine de Lin, de 14h \u00e0 17h.<\/li>\n<li><strong>Le Grand-Quevilly\u2009: <\/strong>braderie du Secours Populaire, 80 rue de la R\u00e9publique, de 10h \u00e0 17h.<\/li>\n<li><strong>Notre-Dame-de-Bondeville\u2009: <\/strong>vente sp\u00e9ciale Halloween et loisirs cr\u00e9atifs, de 10h \u00e0 17h, rue de l\u2019abb\u00e9 Pierre. Moins de 50\u00a0exposants.<\/li>\n<li><strong>Rouen\u2009: <\/strong>foire \u00e0 tout, de 7h \u00e0 18h, quartier Saint-Sever. Entre 50 et 100\u00a0exposants.<\/li>\n<\/ul>\n<p>Les foires \u00e0 tout du dimanche 19\u00a0octobre en Seine-Maritime<\/p>\n<ul class=\" wall-content\">\n<li><strong>Bretteville-du-Grand-Caux\u2009: <\/strong>vide-greniers, de 8h \u00e0 18h, au gymnase. Entre 50 et 100\u00a0exposants. Entr\u00e9e \u00e0 1\u00a0euro.<\/li>\n<li><strong>Cany-Barville\u2009: <\/strong>foire \u00e0 tout, de 8h \u00e0 18h, salle Daniel Pierre. Entre 50 et 100\u00a0exposants. Entr\u00e9e \u00e0 1\u00a0euro.<\/li>\n<li><strong>Caudebec-l\u00e8s-Elbeuf\u2009: <\/strong>foire \u00e0 tout, de 8h \u00e0 17h, salle Marcel-David. Moins de 50\u00a0exposants.<\/li>\n<li><strong>Elbeuf\u2009: <\/strong>foire \u00e0 tout, de 6h \u00e0 18h, parking sur la place Lecallier. Entre 50 et 100\u00a0exposants.<\/li>\n<li><strong>Gr\u00e8ges\u2009: <\/strong>vide-greniers \u00e0 la salle des f\u00eates. Entre 100 et 200\u00a0exposants.<\/li>\n<li><strong>Le Bourg-Dun\u2009: <\/strong>foire \u00e0 tout, de 7h \u00e0 18h, cit\u00e9 de la Petite Plaine. Entre 50 et 100\u00a0exposants.<\/li>\n<li><strong>Le\u00a0Havre\u2009: <\/strong>vide-greniers, de 8h \u00e0 18h, salle des f\u00eates de Franklin. Entre 50 et 100\u00a0exposants. Entr\u00e9e \u00e0 1\u00a0euro.<\/li>\n<li><strong>Le\u00a0Havre\u2009: <\/strong>vide-greniers, de 8h \u00e0 17h, au gymnase de Rouelles. Entre 50 et 100\u00a0exposants. Entr\u00e9e \u00e0 1\u00a0euro.<\/li>\n<li><strong>Le\u00a0Havre\u2009: <\/strong>salon toutes collections \u00e0 la salle des f\u00eates rue Pierre-Farcis, de 9h \u00e0 17h. Moins de 50\u00a0participants. Entr\u00e9e \u00e0 1\u00a0euro.<\/li>\n<li><strong>Longueville-sur-Scie\u2009: <\/strong>f\u00eate du livre, de 9h \u00e0 18h, \u00e0 la salle des f\u00eates. Moins de 50\u00a0exposants.<\/li>\n<li><strong>Saint-Jacques-d\u2019Aliermont\u2009: <\/strong>vide-greniers, \u00e0 la salle des f\u00eates, de 9h \u00e0 18h. Moins de 50\u00a0exposants.<\/li>\n<li><strong>Saint-Sauveur-d\u2019Emmalleville\u2009: <\/strong>vide-greniers, de 8h \u00e0 17h, au complexe Roger-Ducultot. Entre 100 et 200\u00a0exposants. Entr\u00e9e \u00e0 1\u00a0euro.<\/li>\n<li><strong>Sainte-Marie-des-Champs\u2009: <\/strong>foire pu\u00e9riculture, de 9h \u00e0 17h, \u00e0 la salle des 4 saisons. Entre 50 et 100\u00a0exposants.<\/li>\n<li><strong>Toussaint\u2009: <\/strong>foire \u00e0 tout, de 10h \u00e0 18h, \u00e0 la salle de l\u2019\u00c9pinay. Moins de 50\u00a0exposants. Entr\u00e9e \u00e0 1\u00a0euro.<\/li>\n<\/ul>\n<p>Vous souhaitez annoncer un \u00e9v\u00e9nement festif ou associatif, une initiative locale\u2009? Rendez-vous sur notre plateforme <a href=\"https:\/\/www.infolocale.fr\/decouvrir\/actu\/\" target=\"_blank\" rel=\"noopener\">Infolocale<\/a>.<\/p>\n<p class=\" wall-content\">Personnalisez votre actualit\u00e9 en ajoutant vos villes et m\u00e9dias en favori avec <a href=\"https:\/\/moncompte.actu.fr\" title=\"D\u00e9couvez Mon Actu\" rel=\"nofollow noopener\" data-trk=\"{&quot;cta&quot;:{&quot;action&quot;:&quot;https:\\\/\\\/moncompte.actu.fr&quot;,&quot;category&quot;:&quot;mon compte&quot;,&quot;from&quot;:&quot;article footer&quot;,&quot;name&quot;:&quot;Mon actu&quot;,&quot;type&quot;:&quot;cta&quot;}}\" target=\"_blank\">Mon Actu<\/a>.<\/p>\n","protected":false},"excerpt":{"rendered":"Par Julien Bouteiller Publi\u00e9 le 17 oct. 2025 \u00e0 20h52 Le weekend est l\u00e0, et avec lui, de&hellip;\n","protected":false},"author":2,"featured_media":470651,"comment_status":"","ping_status":"","sticky":false,"template":"","format":"standard","meta":{"footnotes":""},"categories":[9587],"tags":[1111,11,6961,1777,674,10087,1011,27,1652,12,5161,25,9590,3365],"class_list":{"0":"post-470650","1":"post","2":"type-post","3":"status-publish","4":"format-standard","5":"has-post-thumbnail","7":"category-rouen","8":"tag-actu","9":"tag-actualites","10":"tag-brocante","11":"tag-eu","12":"tag-europe","13":"tag-foires-a-tout","14":"tag-fr","15":"tag-france","16":"tag-loisirs-culture","17":"tag-news","18":"tag-normandie","19":"tag-republique-francaise","20":"tag-rouen","21":"tag-vide-greniers"},"share_on_mastodon":{"url":"","error":""},"_links":{"self":[{"href":"https:\/\/www.europesays.com\/fr\/wp-json\/wp\/v2\/posts\/470650","targetHints":{"allow":["GET"]}}],"collection":[{"href":"https:\/\/www.europesays.com\/fr\/wp-json\/wp\/v2\/posts"}],"about":[{"href":"https:\/\/www.europesays.com\/fr\/wp-json\/wp\/v2\/types\/post"}],"author":[{"embeddable":true,"href":"https:\/\/www.europesays.com\/fr\/wp-json\/wp\/v2\/users\/2"}],"replies":[{"embeddable":true,"href":"https:\/\/www.europesays.com\/fr\/wp-json\/wp\/v2\/comments?post=470650"}],"version-history":[{"count":0,"href":"https:\/\/www.europesays.com\/fr\/wp-json\/wp\/v2\/posts\/470650\/revisions"}],"wp:featuredmedia":[{"embeddable":true,"href":"https:\/\/www.europesays.com\/fr\/wp-json\/wp\/v2\/media\/470651"}],"wp:attachment":[{"href":"https:\/\/www.europesays.com\/fr\/wp-json\/wp\/v2\/media?parent=470650"}],"wp:term":[{"taxonomy":"category","embeddable":true,"href":"https:\/\/www.europesays.com\/fr\/wp-json\/wp\/v2\/categories?post=470650"},{"taxonomy":"post_tag","embeddable":true,"href":"https:\/\/www.europesays.com\/fr\/wp-json\/wp\/v2\/tags?post=470650"}],"curies":[{"name":"wp","href":"https:\/\/api.w.org\/{rel}","templated":true}]}}