{"id":470654,"date":"2025-10-17T19:17:12","date_gmt":"2025-10-17T19:17:12","guid":{"rendered":"https:\/\/www.europesays.com\/fr\/470654\/"},"modified":"2025-10-17T19:17:12","modified_gmt":"2025-10-17T19:17:12","slug":"materrathon-sciences-po-grenoble-planche-sur-sa-transition-verte","status":"publish","type":"post","link":"https:\/\/www.europesays.com\/fr\/470654\/","title":{"rendered":"MaTerrathon : Sciences Po Grenoble planche sur sa transition verte"},"content":{"rendered":"<p>Un dis\u00adpo\u00adsi\u00adtif in\u00e9dit en France orga\u00adnis\u00e9 sous forme de jeu, voil\u00e0 la pro\u00admesse de Sciences Po Grenoble \u2013 UGA avec son \u00ab\u00a0MaTerrathon\u00a0\u00bb lundi 20 octobre 2025. Une m\u00e9thode par\u00adti\u00adci\u00adpa\u00adtive mais sur\u00adtout scien\u00adti\u00adfique qui invite les \u00e9tu\u00addiants, per\u00adson\u00adnels et volon\u00adtaires de tous \u00e2ges \u00e0 r\u00e9fl\u00e9\u00adchir \u00e0 des solu\u00adtions effi\u00adcaces pour d\u00e9car\u00adbo\u00adner l\u2019\u00e9tablissement.<\/p>\n<p>\u00ab\u00a0La trans\u00adfor\u00adma\u00adtion \u00e9co\u00adlo\u00adgique de Sciences Po Grenoble \u2013 UGA, comme celle de nos soci\u00e9\u00adt\u00e9s, ne se fera pas d\u2019un coup de baguette magique\u00a0\u00bb, sou\u00adligne Simon Persico, direc\u00adteur de Sciences Po Grenoble. \u00ab\u00a0Elle implique d\u2019abord de s\u2019accorder sur des actions impac\u00adtantes. C\u2019est l\u2019objectif de cette jour\u00adn\u00e9e\u00a0: jouer ensemble pour trou\u00adver des r\u00e9ponses s\u00e9rieuses et par\u00adta\u00adg\u00e9es aux d\u00e9fis pos\u00e9s par la crise \u00e9co\u00adlo\u00adgique.\u00a0\u00bb<\/p>\n<p>Un pro\u00adjet qui s\u2019inscrit dans le cadre du man\u00addat de la nou\u00advelle direc\u00adtion de l\u2019Institut d\u2019\u00c9tudes Politiques qui a d\u00e9but\u00e9 le 1er f\u00e9vrier 2025. Avec l\u2019ob\u00adjec\u00adtif d\u2019en\u00adga\u00adger l\u2019\u00e9cole dans une triple trans\u00adfor\u00adma\u00adtion\u00a0: \u00e9co\u00adlo\u00adgique, sociale et d\u00e9mocratique.<\/p>\n<p>L\u2019\u00e9v\u00e9nement pren\u00addra place de 8 h 30 \u00e0 midi au sein de <a href=\"https:\/\/www.placegrenet.fr\/2022\/12\/12\/sciences-po-grenoble-signe-laccord-de-grenoble-pour-la-sensibilisation-aux-enjeux-de-transition-socio-ecologique\/587024\" rel=\"nofollow noopener\" target=\"_blank\">Sciences Po Grenoble \u2013 UGA<\/a> sur le cam\u00adpus uni\u00adver\u00adsi\u00adtaire de Saint-Martin\u2011d\u2019H\u00e8res. Les \u00e9tu\u00addiants et per\u00adson\u00adnels sont invi\u00adt\u00e9s \u00e0 se r\u00e9unir en groupes de tra\u00advail pour r\u00e9fl\u00e9\u00adchir \u00e0 des solu\u00adtions en vue d\u2019a\u00adm\u00e9\u00adlio\u00adrer l\u2019empreinte car\u00adbone de l\u2019\u00e9tablissement.<\/p>\n<p>Puis, l\u2019Institut d\u2019\u00c9tudes Politiques de Grenoble ouvrira ses portes au public de 13 h 30 \u00e0 15\u00a0heures, en vue d\u2019offrir un <a href=\"https:\/\/www.sciencespo-grenoble.fr\/materrathon-sciences-po-grenoble-uga\" rel=\"nofollow noopener\" target=\"_blank\">cycle de conf\u00e9\u00adrences<\/a> en libre acc\u00e8s (mais <a href=\"https:\/\/my.weezevent.com\/materrathon-sciences-po-grenoble-uga\" target=\"_blank\" rel=\"noopener nofollow\">sur r\u00e9ser\u00adva\u00adtion<\/a>) cen\u00adtr\u00e9es sur la recherche autour de cinq th\u00e8mes.<\/p>\n<p><img fetchpriority=\"high\" decoding=\"async\" aria-describedby=\"caption-attachment-662466\" class=\"size-medium wp-image-662466\" src=\"data:image\/svg+xml,%3Csvg%20xmlns=\" http:=\"\" alt=\"Affiche MaTerrathon Sciences Po Grenoble \" width=\"640\" height=\"346\" data-lazy- data-lazy- data-lazy-src=\"https:\/\/www.europesays.com\/fr\/wp-content\/uploads\/2025\/10\/img_8758-640x346.png\"\/><\/p>\n<p id=\"caption-attachment-662466\" class=\"wp-caption-text\">Affiche MaTerrathon Sciences Po Grenoble<\/p>\n<p>Les conf\u00e9\u00adrences por\u00adte\u00adront ainsi sur la tran\u00adsi\u00adtion des socio-\u00e9co\u00adsys\u00adt\u00e8mes et de l\u2019enseignement sup\u00e9\u00adrieur\u00a0; les dyna\u00admiques sociales asso\u00adci\u00e9es aux tran\u00adsi\u00adtions\u00a0; les enjeux poli\u00adtiques et d\u00e9mo\u00adcra\u00adtiques de tran\u00adsi\u00adtion dans la recherche\u00a0; les enjeux d\u2019enseignement de la tran\u00adsi\u00adtion et enfin l\u2019\u00e9volution du cli\u00admat et son impact.<\/p>\n<p>Apr\u00e8s cela, la jour\u00adn\u00e9e se cl\u00f4\u00adtu\u00adrera autour de la pr\u00e9\u00adsen\u00adta\u00adtion des r\u00e9sul\u00adtats et des solu\u00adtions r\u00e9fl\u00e9\u00adchies tout au long de la jour\u00adn\u00e9e de 15 h 30 \u00e0 17 heures. Sans oublier les pers\u00adpec\u00adtives pour Sciences Po Grenoble \u2013 UGA dans le cadre de l\u2019apr\u00e8s-MaTerrathon<\/p>\n<p><strong>Un dis\u00adpo\u00adsi\u00adtif ins\u00adpir\u00e9 de \u00ab\u00a0Ma Terre en 180\u00a0minutes\u00a0\u00bb<\/strong><\/p>\n<p>Cette jour\u00adn\u00e9e s\u2019ap\u00adpuie sur la m\u00e9thode d\u00e9ve\u00adlop\u00adp\u00e9e par le Centre natio\u00adnal de la recherche scien\u00adti\u00adfique, l\u2019Institut des g\u00e9os\u00adciences de l\u2019environnement et l\u2019Institut de recherche pour le d\u00e9ve\u00adlop\u00adpe\u00adment. Cet espace inter\u00adac\u00adtif, de jeu et de r\u00e9flexion du monde aca\u00add\u00e9\u00admique per\u00admet d\u2019aborder les prin\u00adci\u00adpaux leviers de r\u00e9duc\u00adtion des \u00e9mis\u00adsions car\u00adbone tels que les d\u00e9pla\u00adce\u00adments, l\u2019usage des b\u00e2ti\u00adments et les achats ordinaires.<\/p>\n","protected":false},"excerpt":{"rendered":"Un dis\u00adpo\u00adsi\u00adtif in\u00e9dit en France orga\u00adnis\u00e9 sous forme de jeu, voil\u00e0 la pro\u00admesse de Sciences Po Grenoble \u2013&hellip;\n","protected":false},"author":2,"featured_media":470655,"comment_status":"","ping_status":"","sticky":false,"template":"","format":"standard","meta":{"footnotes":""},"categories":[9566],"tags":[1111,11,2430,1777,674,1011,27,2731,12,25],"class_list":{"0":"post-470654","1":"post","2":"type-post","3":"status-publish","4":"format-standard","5":"has-post-thumbnail","7":"category-grenoble","8":"tag-actu","9":"tag-actualites","10":"tag-auvergne-rhone-alpes","11":"tag-eu","12":"tag-europe","13":"tag-fr","14":"tag-france","15":"tag-grenoble","16":"tag-news","17":"tag-republique-francaise"},"share_on_mastodon":{"url":"https:\/\/pubeurope.com\/@fr\/115391119108466457","error":""},"_links":{"self":[{"href":"https:\/\/www.europesays.com\/fr\/wp-json\/wp\/v2\/posts\/470654","targetHints":{"allow":["GET"]}}],"collection":[{"href":"https:\/\/www.europesays.com\/fr\/wp-json\/wp\/v2\/posts"}],"about":[{"href":"https:\/\/www.europesays.com\/fr\/wp-json\/wp\/v2\/types\/post"}],"author":[{"embeddable":true,"href":"https:\/\/www.europesays.com\/fr\/wp-json\/wp\/v2\/users\/2"}],"replies":[{"embeddable":true,"href":"https:\/\/www.europesays.com\/fr\/wp-json\/wp\/v2\/comments?post=470654"}],"version-history":[{"count":0,"href":"https:\/\/www.europesays.com\/fr\/wp-json\/wp\/v2\/posts\/470654\/revisions"}],"wp:featuredmedia":[{"embeddable":true,"href":"https:\/\/www.europesays.com\/fr\/wp-json\/wp\/v2\/media\/470655"}],"wp:attachment":[{"href":"https:\/\/www.europesays.com\/fr\/wp-json\/wp\/v2\/media?parent=470654"}],"wp:term":[{"taxonomy":"category","embeddable":true,"href":"https:\/\/www.europesays.com\/fr\/wp-json\/wp\/v2\/categories?post=470654"},{"taxonomy":"post_tag","embeddable":true,"href":"https:\/\/www.europesays.com\/fr\/wp-json\/wp\/v2\/tags?post=470654"}],"curies":[{"name":"wp","href":"https:\/\/api.w.org\/{rel}","templated":true}]}}