{"id":470669,"date":"2025-10-17T19:26:09","date_gmt":"2025-10-17T19:26:09","guid":{"rendered":"https:\/\/www.europesays.com\/fr\/470669\/"},"modified":"2025-10-17T19:26:09","modified_gmt":"2025-10-17T19:26:09","slug":"paul-meslet-lui-rend-hommage-lors-dun-concert-pres-de-nantes","status":"publish","type":"post","link":"https:\/\/www.europesays.com\/fr\/470669\/","title":{"rendered":"Paul Meslet lui rend hommage lors d&rsquo;un concert pr\u00e8s de Nantes"},"content":{"rendered":"<p>            Par<br \/>\n        <strong><br \/>\n            <a href=\"https:\/\/actu.fr\/auteur\/romane-rousseau-actu-fr\" title=\"Consulter tous les articles de Romane Rousseau\" target=\"_blank\" rel=\"noopener\">Romane Rousseau<\/a><br \/>\n        <\/strong><\/p>\n<p>        Publi\u00e9 le<\/p>\n<p>            17 oct. 2025 \u00e0 20h16        <\/p>\n<p>C\u2019est dans la salle polyvalente du <a href=\"https:\/\/actu.fr\/pays-de-la-loire\/le-bignon_44014\" target=\"_blank\" rel=\"noopener\">Bignon<\/a>, dimanche 19 octobre 2025, que Paul Meslet, <b>compositeur et chanteur<\/b> angevin, jouera le spectacle \u00ab Paul Meslet chante Jean Ferrat \u00bb.<\/p>\n<p class=\" wall-content\">Ce \u00ab jeune homme de 75\u00a0ans \u00bb, comme il aime ironiser, interpr\u00e9tera en effet, lors d\u2019<b>une premi\u00e8re partie<\/b>, les plus belles chansons de l\u2019un des plus grands noms de la chanson fran\u00e7aise.<\/p>\n<blockquote class=\"ac-article-quote wall-content\">\n<p>\u00ab J\u2019ai une v\u00e9ritable admiration pour Jean Ferrat. J\u2019aime sa voix, sa droiture, la fa\u00e7on dont il \u00e9crit, mais j\u2019aime aussi la fa\u00e7on dont il n\u2019avait pas peur de s\u2019engager. C\u2019\u00e9tait un homme sociable, r\u00e9el et sinc\u00e8re. \u00bb<\/p>\n<p>Paul Meslet<\/p><\/blockquote>\n<p>Un spectacle d\u00e9j\u00e0 jou\u00e9 quarante fois<\/p>\n<p class=\" wall-content\">Ce spectacle \u00ab hommage \u00bb est, Paul le con\u00e7oit, assez restreint par le public qu\u2019il touche.<\/p>\n<blockquote class=\"ac-article-quote wall-content\">\n<p>\u00ab On sait bien que ses musiques sont suivies par des aficionados, des connaisseurs. C\u2019est un r\u00e9pertoire de chansons po\u00e9tiques, qui am\u00e8nent \u00e0 r\u00e9fl\u00e9chir, dont le public est davantage r\u00e9serv\u00e9. \u00bb<\/p>\n<\/blockquote>\n<p class=\" wall-content\">Pourtant, ce n\u2019est pas la premi\u00e8re fois que l\u2019artiste reprend les succ\u00e8s de Jean Ferrat. \u00ab On me l\u2019a demand\u00e9 une fois pour un spectacle : \u00e7a avait fonctionn\u00e9 du feu de Dieu ! Depuis, j\u2019ai d\u00fb le<b> jouer une quarantaine de fois.<\/b> \u00bb<\/p>\n<p>Vid\u00e9os : en ce moment sur ActuUne deuxi\u00e8me partie avec ses chansons<\/p>\n<p class=\" wall-content\">Mais Paul Meslet \u00e9tant un auteur, la deuxi\u00e8me partie du concert sera consacr\u00e9e \u00e0 la <b>pr\u00e9sentation de son propre r\u00e9pertoire. <\/b><\/p>\n<blockquote class=\"ac-article-quote wall-content\">\n<p>\u00ab Mes atouts principaux sont ma voix et l\u2019\u00e9criture. Je suis avant tout compositeur, alors j\u2019essaye de mettre mes textes en avant. \u00bb<\/p>\n<\/blockquote>\n<p>Votre r\u00e9gion, votre actu !<\/p>\n<p>Recevez chaque jour les infos qui comptent pour vous.<\/p>\n<p>\t<a href=\"https:\/\/actu.fr\/newsletter\" class=\"ac-btn ac-btn--corner ac-btn--medium ac-btn--blue800\" target=\"_blank\" rel=\"noopener\">S&rsquo;incrire<\/a><\/p>\n<p class=\" wall-content\">En effet, ce sont les chansons \u00e0 texte du musicien qui lui ont apport\u00e9 un certain succ\u00e8s.<\/p>\n<p class=\" wall-content\">D\u00e9butant au cabaret le <b>Bateau-lavoir<\/b> au bord de l\u2019Erdre, \u00e0 <a href=\"https:\/\/actu.fr\/nantes\/\" target=\"_blank\" rel=\"noopener\">Nantes<\/a>, l\u2019ancien enseignant a ensuite prouv\u00e9 son talent en tournant partout en France, et <b>m\u00eame \u00e0 l\u2019\u00e9tranger<\/b> comme au Canada ou plus r\u00e9cemment au Danemark.<\/p>\n<p>\u00ab Il y a une complicit\u00e9 cr\u00e9ative qui s\u2019\u00e9tablit \u00bb<\/p>\n<p class=\" wall-content\">Le septuag\u00e9naire sera accompagn\u00e9 de ses deux fid\u00e8les comp\u00e8res, le <b>pianiste britannique <\/b>Tony Baker et <b>l\u2019accord\u00e9oniste <\/b>Francis Jauvin.<\/p>\n<blockquote class=\"ac-article-quote wall-content\">\n<p>\u00ab \u00c7a fait plus de vingt ans qu\u2019ils m\u2019accompagnent. Quand on est habitu\u00e9 \u00e0 travailler avec des musiciens, il y a une complicit\u00e9 cr\u00e9ative qui s\u2019\u00e9tablit. Ils devinent ce que je vais faire, connaissent l\u2019esprit de mes chansons. \u00bb<\/p>\n<\/blockquote>\n<p class=\" wall-content\">Et l\u2019Angevin l\u2019assure : \u00ab ces musiciens vont jouer en live ! Ce ne sera pas de la bande-son qui passera derri\u00e8re durant le concert. Ce sera en direct, avec toute la cr\u00e9ativit\u00e9 de Tony et Francis \u00bb.<\/p>\n<p>Un concert pour cr\u00e9er du lien<\/p>\n<p class=\" wall-content\">Ce spectacle est organis\u00e9 par <a href=\"https:\/\/actu.fr\/pays-de-la-loire\/le-bignon_44014\/les-gens-de-passages-creent-du-lien_44680408.html\" target=\"_blank\" rel=\"noopener\">Pass\u2019\u00c2ges<\/a>, qui <b>cr\u00e9er du lien entre les s\u00e9niors<\/b> dans une d\u00e9marche de bien vivre ensemble.<\/p>\n<p class=\" wall-content\">En octobre dernier, c\u2019\u00e9tait <a href=\"https:\/\/actu.fr\/pays-de-la-loire\/le-bignon_44014\/sur-scene-ils-reinterpretent-bourvil-a-la-mode-dautres-grands-chanteurs-francais_61740321.html\" target=\"_blank\" rel=\"noopener\">Bourvil <\/a>qui \u00e9tait mis \u00e0 l\u2019honneur par l\u2019association bignonnaise.<\/p>\n<p>Le dimanche 19\u00a0octobre \u00e0 15 h, \u00e0 la salle polyvalente du Bignon. 10\u00a0\u20ac pour les adh\u00e9rents. 12\u00a0\u20ac pour les non-adh\u00e9rents. R\u00e9servations au 06 70 59 59 15. Billetterie sur place \u00e0 partir de 14 h 15.<\/p>\n<p class=\" wall-content\">Personnalisez votre actualit\u00e9 en ajoutant vos villes et m\u00e9dias en favori avec <a href=\"https:\/\/moncompte.actu.fr\" title=\"D\u00e9couvez Mon Actu\" rel=\"nofollow noopener\" data-trk=\"{&quot;cta&quot;:{&quot;action&quot;:&quot;https:\\\/\\\/moncompte.actu.fr&quot;,&quot;category&quot;:&quot;mon compte&quot;,&quot;from&quot;:&quot;article footer&quot;,&quot;name&quot;:&quot;Mon actu&quot;,&quot;type&quot;:&quot;cta&quot;}}\" target=\"_blank\">Mon Actu<\/a>.<\/p>\n","protected":false},"excerpt":{"rendered":"Par Romane Rousseau Publi\u00e9 le 17 oct. 2025 \u00e0 20h16 C\u2019est dans la salle polyvalente du Bignon, dimanche&hellip;\n","protected":false},"author":2,"featured_media":470670,"comment_status":"","ping_status":"","sticky":false,"template":"","format":"standard","meta":{"footnotes":""},"categories":[2818],"tags":[1111,11,1695,1697,1777,674,1011,27,1652,873,766,12,2636,25],"class_list":{"0":"post-470669","1":"post","2":"type-post","3":"status-publish","4":"format-standard","5":"has-post-thumbnail","7":"category-nantes","8":"tag-actu","9":"tag-actualites","10":"tag-chanson","11":"tag-concert","12":"tag-eu","13":"tag-europe","14":"tag-fr","15":"tag-france","16":"tag-loisirs-culture","17":"tag-musique","18":"tag-nantes","19":"tag-news","20":"tag-pays-de-la-loire","21":"tag-republique-francaise"},"share_on_mastodon":{"url":"https:\/\/pubeurope.com\/@fr\/115391154370277885","error":""},"_links":{"self":[{"href":"https:\/\/www.europesays.com\/fr\/wp-json\/wp\/v2\/posts\/470669","targetHints":{"allow":["GET"]}}],"collection":[{"href":"https:\/\/www.europesays.com\/fr\/wp-json\/wp\/v2\/posts"}],"about":[{"href":"https:\/\/www.europesays.com\/fr\/wp-json\/wp\/v2\/types\/post"}],"author":[{"embeddable":true,"href":"https:\/\/www.europesays.com\/fr\/wp-json\/wp\/v2\/users\/2"}],"replies":[{"embeddable":true,"href":"https:\/\/www.europesays.com\/fr\/wp-json\/wp\/v2\/comments?post=470669"}],"version-history":[{"count":0,"href":"https:\/\/www.europesays.com\/fr\/wp-json\/wp\/v2\/posts\/470669\/revisions"}],"wp:featuredmedia":[{"embeddable":true,"href":"https:\/\/www.europesays.com\/fr\/wp-json\/wp\/v2\/media\/470670"}],"wp:attachment":[{"href":"https:\/\/www.europesays.com\/fr\/wp-json\/wp\/v2\/media?parent=470669"}],"wp:term":[{"taxonomy":"category","embeddable":true,"href":"https:\/\/www.europesays.com\/fr\/wp-json\/wp\/v2\/categories?post=470669"},{"taxonomy":"post_tag","embeddable":true,"href":"https:\/\/www.europesays.com\/fr\/wp-json\/wp\/v2\/tags?post=470669"}],"curies":[{"name":"wp","href":"https:\/\/api.w.org\/{rel}","templated":true}]}}