{"id":470671,"date":"2025-10-17T19:27:16","date_gmt":"2025-10-17T19:27:16","guid":{"rendered":"https:\/\/www.europesays.com\/fr\/470671\/"},"modified":"2025-10-17T19:27:16","modified_gmt":"2025-10-17T19:27:16","slug":"le-soutien-de-parents-a-deux-meres-isolees","status":"publish","type":"post","link":"https:\/\/www.europesays.com\/fr\/470671\/","title":{"rendered":"Le soutien de parents \u00e0 deux m\u00e8res isol\u00e9es"},"content":{"rendered":"<p>Une premi\u00e8re m\u00e8re isol\u00e9e et sa fille de 3\u00a0ans sont menac\u00e9es d\u2019expulsion de leur logement mis \u00e0 disposition pendant leur demande de droit d\u2019asile. La m\u00e8re de famille \u00e9tait convoqu\u00e9e au tribunal administratif pour une \u00a0injonction de quitter les lieux\u00a0. Une autre m\u00e8re isol\u00e9e en cours de demande d\u2019asile et sa fille de 3\u00a0ans, arriv\u00e9es \u00e0 Nantes d\u00e9but juillet, n\u2019ont pas de logement et ont dormi \u00e0 la rue ou dans les halls d\u2019immeubles. Malgr\u00e9 les tr\u00e8s nombreux appels au 115, aucun h\u00e9bergement ne leur est jamais propos\u00e9.<\/p>\n<p>R\u00e9ponse d\u2019ici 15\u00a0jours<\/p>\n<p>Guillaume Proust, repr\u00e9sentant des parents d\u2019\u00e9l\u00e8ves d\u2019Aim\u00e9 C\u00e9saire explique qu\u2019il y a eu un mouvement spontan\u00e9 des parents \u00a0pour les aider mat\u00e9riellement et administrativement. On a aussi le soutien d\u2019\u00e9lus nantais et du collectif Personne \u00e0 la rue. Ces deux familles sont tr\u00e8s bien int\u00e9gr\u00e9es dans la vie de l\u2019\u00e9cole, o\u00f9 les deux enfants tentent de suivre une scolarit\u00e9 normale en moyenne section. La pr\u00e9fecture fait la sourde oreille devant ces situations et le 115\u00a0aussi. \u00c0 tel point qu\u2019une des mamans a une chambre avec le 115\u00a0du Maine-et-Loire. Nous sommes l\u00e0 pour faire bouger les choses, sachant qu\u2019il y a eu des cas identiques \u00e0 Jos\u00e9phine Baker et \u00e0 Chantenay l\u2019an pass\u00e9. La pr\u00e9fecture qui doit h\u00e9berger ne le fait pas. Le tribunal administratif annonce qu\u2019elle doit le faire, mais elle pr\u00e9f\u00e8re payer des amendes plut\u00f4t que les h\u00e9berger.\u00a0<\/p>\n<p>Vendredi matin, ils \u00e9taient une cinquantaine de personnes \u00e0 apporter leur soutien moral \u00e0 l\u2019une des mamans qui \u00e9tait convoqu\u00e9e pour expulsion. R\u00e9ponse du tribunal dans quinze jours environ.<\/p>\n<p>\u00a0<\/p>\n","protected":false},"excerpt":{"rendered":"Une premi\u00e8re m\u00e8re isol\u00e9e et sa fille de 3\u00a0ans sont menac\u00e9es d\u2019expulsion de leur logement mis \u00e0 disposition&hellip;\n","protected":false},"author":2,"featured_media":470672,"comment_status":"","ping_status":"","sticky":false,"template":"","format":"standard","meta":{"footnotes":""},"categories":[2818],"tags":[1111,11,1777,674,1011,27,27179,22615,766,12,3306,2636,25,7618],"class_list":{"0":"post-470671","1":"post","2":"type-post","3":"status-publish","4":"format-standard","5":"has-post-thumbnail","7":"category-nantes","8":"tag-actu","9":"tag-actualites","10":"tag-eu","11":"tag-europe","12":"tag-fr","13":"tag-france","14":"tag-isolees","15":"tag-meres","16":"tag-nantes","17":"tag-news","18":"tag-parents","19":"tag-pays-de-la-loire","20":"tag-republique-francaise","21":"tag-soutien"},"share_on_mastodon":{"url":"https:\/\/pubeurope.com\/@fr\/115391158293831553","error":""},"_links":{"self":[{"href":"https:\/\/www.europesays.com\/fr\/wp-json\/wp\/v2\/posts\/470671","targetHints":{"allow":["GET"]}}],"collection":[{"href":"https:\/\/www.europesays.com\/fr\/wp-json\/wp\/v2\/posts"}],"about":[{"href":"https:\/\/www.europesays.com\/fr\/wp-json\/wp\/v2\/types\/post"}],"author":[{"embeddable":true,"href":"https:\/\/www.europesays.com\/fr\/wp-json\/wp\/v2\/users\/2"}],"replies":[{"embeddable":true,"href":"https:\/\/www.europesays.com\/fr\/wp-json\/wp\/v2\/comments?post=470671"}],"version-history":[{"count":0,"href":"https:\/\/www.europesays.com\/fr\/wp-json\/wp\/v2\/posts\/470671\/revisions"}],"wp:featuredmedia":[{"embeddable":true,"href":"https:\/\/www.europesays.com\/fr\/wp-json\/wp\/v2\/media\/470672"}],"wp:attachment":[{"href":"https:\/\/www.europesays.com\/fr\/wp-json\/wp\/v2\/media?parent=470671"}],"wp:term":[{"taxonomy":"category","embeddable":true,"href":"https:\/\/www.europesays.com\/fr\/wp-json\/wp\/v2\/categories?post=470671"},{"taxonomy":"post_tag","embeddable":true,"href":"https:\/\/www.europesays.com\/fr\/wp-json\/wp\/v2\/tags?post=470671"}],"curies":[{"name":"wp","href":"https:\/\/api.w.org\/{rel}","templated":true}]}}