{"id":470685,"date":"2025-10-17T19:34:10","date_gmt":"2025-10-17T19:34:10","guid":{"rendered":"https:\/\/www.europesays.com\/fr\/470685\/"},"modified":"2025-10-17T19:34:10","modified_gmt":"2025-10-17T19:34:10","slug":"thomas-drew-ambassadeur-en-france-en-deplacement-diplomatique-a-marseille","status":"publish","type":"post","link":"https:\/\/www.europesays.com\/fr\/470685\/","title":{"rendered":"Thomas Drew, ambassadeur en France, en d\u00e9placement diplomatique \u00e0 Marseille"},"content":{"rendered":"<p><strong>Quelles sont les raisons de votre d\u00e9placement \u00e0 Marseille\u00a0?<\/strong>&#13;\n<\/p>\n<p>Je suis arriv\u00e9 \u00e0 Paris au mois d\u2019ao\u00fbt. En fait, c\u2019est ma premi\u00e8re visite \u00e0 Marseille en tant qu\u2019ambassadeur. Premi\u00e8rement, c\u2019est clair que Paris ce n\u2019est pas la France, la France ce n\u2019est pas Paris. C\u2019est important de me d\u00e9placer et c\u2019est un aspect que j\u2019aime bien. Et surtout ici, nous avons un consulat que je voulais visiter pour les d\u00e9buts de ma nouvelle affectation. J\u2019ai pass\u00e9 du temps avec eux, qui s\u2019occupent tous les jours des Britanniques.<\/p>\n<p>J\u2019ai aussi travaill\u00e9 avec eux sur le commerce entre nos deux pays. J\u2019ai pass\u00e9 \u00e9galement un moment avec le pr\u00e9fet de r\u00e9gion Georges-Fran\u00e7ois Leclerc et r\u00e9alis\u00e9 des visites commerciales, notamment avec Rodolphe Saad\u00e9, pr\u00e9sident de <a href=\"https:\/\/www.laprovence.com\/article\/economie\/3112598214713914\/cma-cgm-profite-du-dynamisme-du-commerce-maritime-mondial-avant-les-barrieres-douanieres\" target=\"_blank\" rel=\"noopener\">CMA\u00a0CGM<\/a> (propri\u00e9taire de La Provence) qui vient de r\u00e9aliser un grand investissement avec le rachat de Freightliner\u00a0UK (acteur majeur du fret ferroviaire britannique, NDLR). Mais nous sommes aussi l\u00e0 parce que la r\u00e9gion est importante pour le Royaume-Uni du point de vue de nos citoyens et de notre \u00e9conomie. Ce sont des liens historiques.<\/p>\n<p><strong>Quel regard portez-vous sur la France et plus particuli\u00e8rement notre r\u00e9gion\u00a0?<\/strong>&#13;\n<\/p>\n<p>Il y a un aspect assez particulier, parce qu\u2019&#8230;<\/p>\n","protected":false},"excerpt":{"rendered":"Quelles sont les raisons de votre d\u00e9placement \u00e0 Marseille\u00a0?&#13; Je suis arriv\u00e9 \u00e0 Paris au mois d\u2019ao\u00fbt. En&hellip;\n","protected":false},"author":2,"featured_media":470686,"comment_status":"","ping_status":"","sticky":false,"template":"","format":"standard","meta":{"footnotes":""},"categories":[2814],"tags":[17,1111,11,33,932,1777,674,1011,27,30175,4743,884,12,471,1186,882,25,473,9134],"class_list":{"0":"post-470685","1":"post","2":"type-post","3":"status-publish","4":"format-standard","5":"has-post-thumbnail","7":"category-marseille","8":"tag-17","9":"tag-actu","10":"tag-actualites","11":"tag-economie","12":"tag-est","13":"tag-eu","14":"tag-europe","15":"tag-fr","16":"tag-france","17":"tag-importante","18":"tag-la","19":"tag-marseille","20":"tag-news","21":"tag-pour","22":"tag-provence","23":"tag-provence-alpes-cote-dazur","24":"tag-republique-francaise","25":"tag-royaume-uni","26":"tag-thomas"},"share_on_mastodon":{"url":"https:\/\/pubeurope.com\/@fr\/115391185816464478","error":""},"_links":{"self":[{"href":"https:\/\/www.europesays.com\/fr\/wp-json\/wp\/v2\/posts\/470685","targetHints":{"allow":["GET"]}}],"collection":[{"href":"https:\/\/www.europesays.com\/fr\/wp-json\/wp\/v2\/posts"}],"about":[{"href":"https:\/\/www.europesays.com\/fr\/wp-json\/wp\/v2\/types\/post"}],"author":[{"embeddable":true,"href":"https:\/\/www.europesays.com\/fr\/wp-json\/wp\/v2\/users\/2"}],"replies":[{"embeddable":true,"href":"https:\/\/www.europesays.com\/fr\/wp-json\/wp\/v2\/comments?post=470685"}],"version-history":[{"count":0,"href":"https:\/\/www.europesays.com\/fr\/wp-json\/wp\/v2\/posts\/470685\/revisions"}],"wp:featuredmedia":[{"embeddable":true,"href":"https:\/\/www.europesays.com\/fr\/wp-json\/wp\/v2\/media\/470686"}],"wp:attachment":[{"href":"https:\/\/www.europesays.com\/fr\/wp-json\/wp\/v2\/media?parent=470685"}],"wp:term":[{"taxonomy":"category","embeddable":true,"href":"https:\/\/www.europesays.com\/fr\/wp-json\/wp\/v2\/categories?post=470685"},{"taxonomy":"post_tag","embeddable":true,"href":"https:\/\/www.europesays.com\/fr\/wp-json\/wp\/v2\/tags?post=470685"}],"curies":[{"name":"wp","href":"https:\/\/api.w.org\/{rel}","templated":true}]}}