{"id":470706,"date":"2025-10-17T19:46:12","date_gmt":"2025-10-17T19:46:12","guid":{"rendered":"https:\/\/www.europesays.com\/fr\/470706\/"},"modified":"2025-10-17T19:46:12","modified_gmt":"2025-10-17T19:46:12","slug":"f1-libres-1-lunique-seance-libre-dominee-par-norris-devant-un-gigantesque-hulkenberg-aux-usa","status":"publish","type":"post","link":"https:\/\/www.europesays.com\/fr\/470706\/","title":{"rendered":"F1 Libres 1 L&rsquo;unique s\u00e9ance libre domin\u00e9e par Norris devant un gigantesque Hulkenberg, aux USA !"},"content":{"rendered":"<p>Lando Norris a sign\u00e9 le meilleur temps des essais libres 1 du Grand-Prix des Am\u00e9riques de F1. Qui, rappelons-le, sera le seule s\u00e9ance libre du week-end. Deuxi\u00e8me, \u00e9norme surprise avec Nico Hulkenberg, qui devance Oscar Piastri, troisi\u00e8me. Suivent Alonso, Verstappen et Albon, qui compl\u00e8te le top six, en tendres. Septi\u00e8me, George Russell est le mieux class\u00e9 des pilotes chauss\u00e9s en m\u00e9diums, devant Lewis Hamilton, qui sera rest\u00e9 en t\u00eate jusqu\u2019\u00e0 dix minutes de la fin, en gommes dures. Plut\u00f4t prometteur pour Ferrari.<\/p>\n<p>Grand-Prix F1 des Am\u00e9riques : des d\u00e9buts int\u00e9ressants pour Hamilton<\/p>\n<p>Ou, tout du moins, pour LH44. Car de son c\u00f4t\u00e9, <a href=\"https:\/\/lemagsportauto.ouest-france.fr\/tag\/charles-leclerc\/\" target=\"_blank\" rel=\"noopener nofollow\">Charles Leclerc<\/a> a, semble-t-il, \u00e9t\u00e9 victime d\u2019une d\u00e9faillance de sa boite de vitesses. Si bien que sa seule r\u00e9f\u00e9rence, \u00e0 quelques heures de la premi\u00e8re s\u00e9ance qualificative, est sur les pneumatiques durs. C\u00f4t\u00e9 tricolores, c\u2019est encourageant avec Isack Hadjar neuvi\u00e8me, en d\u00e9pit d\u2019un probl\u00e8me de puissance et Esteban Ocon, onzi\u00e8me, juste derri\u00e8re son co\u00e9quipier chez Haas.<\/p>\n<p>En revanche, c\u00f4t\u00e9 Alpine, l\u2019embellie annonc\u00e9e n\u2019est pas encore effective. Pierre Gasly est dix-septi\u00e8me, derri\u00e8re son co\u00e9quipier, Franco Colapinto. Notons, aussi, le manque de roulage de Carlos Sainz, dont la Williams a \u00e9t\u00e9 d\u00e9mont\u00e9e enti\u00e8rement, tr\u00e8s t\u00f4t dans la s\u00e9ance. Place au classement complet de ces essais libres 1 du Grand-Prix des USA de F1 2025.<\/p>\n<ol>\n<li>Norris<\/li>\n<li>Hulkenberg<\/li>\n<li>Piastri<\/li>\n<li>Alonso<\/li>\n<li>Verstappen<\/li>\n<li>Albon<\/li>\n<li>Russell<\/li>\n<li>Hamilton<\/li>\n<li>Hadjar<\/li>\n<li>Bearman<\/li>\n<li>Ocon<\/li>\n<li>Bortoleto<\/li>\n<li>Tsunoda<\/li>\n<li>Stroll<\/li>\n<li>Lawson<\/li>\n<li>Colapinto<\/li>\n<li>Gasly<\/li>\n<li>Antonelli<\/li>\n<li>Sainz<\/li>\n<li>Leclerc<\/li>\n<\/ol>\n<blockquote class=\"twitter-tweet\">\n<p dir=\"ltr\" lang=\"en\">It\u2019s Lando who leads Nico and Oscar! \ud83d\udc40<\/p>\n<p>Here\u2019s the full classification from practice here in Austin \ud83d\udcca\ud83d\udc47<a href=\"https:\/\/twitter.com\/hashtag\/F1?src=hash&amp;ref_src=twsrc%5Etfw\" target=\"_blank\" rel=\"noopener nofollow\">#F1<\/a> <a href=\"https:\/\/twitter.com\/hashtag\/USGP?src=hash&amp;ref_src=twsrc%5Etfw\" target=\"_blank\" rel=\"noopener nofollow\">#USGP<\/a> <a href=\"https:\/\/t.co\/jQ38DgPjvg\" rel=\"nofollow\">pic.twitter.com\/jQ38DgPjvg<\/a><\/p>\n<p>\u2014 Formula 1 (@F1) <a href=\"https:\/\/twitter.com\/F1\/status\/1979256094636855623?ref_src=twsrc%5Etfw\" target=\"_blank\" rel=\"noopener nofollow\">October 17, 2025<\/a><\/p>\n<\/blockquote>\n<p>Article publi\u00e9 le 17\/10\/2025 \u00e0 20h43<\/p>\n<p>                                                            <script async src=\"https:\/\/platform.twitter.com\/widgets.js\" charset=\"utf-8\"><\/script><\/p>\n","protected":false},"excerpt":{"rendered":"Lando Norris a sign\u00e9 le meilleur temps des essais libres 1 du Grand-Prix des Am\u00e9riques de F1. Qui,&hellip;\n","protected":false},"author":2,"featured_media":470707,"comment_status":"","ping_status":"","sticky":false,"template":"","format":"standard","meta":{"footnotes":""},"categories":[1589],"tags":[11,48019,73,1866,1451,24362,12,1864,1865,1863,308],"class_list":{"0":"post-470706","1":"post","2":"type-post","3":"status-publish","4":"format-standard","5":"has-post-thumbnail","7":"category-etats-unis","8":"tag-actualites","9":"tag-austin","10":"tag-etats-unis","11":"tag-etats-unis-damerique","12":"tag-f1","13":"tag-libres-1","14":"tag-news","15":"tag-united-states","16":"tag-united-states-of-america","17":"tag-us","18":"tag-usa"},"share_on_mastodon":{"url":"https:\/\/pubeurope.com\/@fr\/115391232997484786","error":""},"_links":{"self":[{"href":"https:\/\/www.europesays.com\/fr\/wp-json\/wp\/v2\/posts\/470706","targetHints":{"allow":["GET"]}}],"collection":[{"href":"https:\/\/www.europesays.com\/fr\/wp-json\/wp\/v2\/posts"}],"about":[{"href":"https:\/\/www.europesays.com\/fr\/wp-json\/wp\/v2\/types\/post"}],"author":[{"embeddable":true,"href":"https:\/\/www.europesays.com\/fr\/wp-json\/wp\/v2\/users\/2"}],"replies":[{"embeddable":true,"href":"https:\/\/www.europesays.com\/fr\/wp-json\/wp\/v2\/comments?post=470706"}],"version-history":[{"count":0,"href":"https:\/\/www.europesays.com\/fr\/wp-json\/wp\/v2\/posts\/470706\/revisions"}],"wp:featuredmedia":[{"embeddable":true,"href":"https:\/\/www.europesays.com\/fr\/wp-json\/wp\/v2\/media\/470707"}],"wp:attachment":[{"href":"https:\/\/www.europesays.com\/fr\/wp-json\/wp\/v2\/media?parent=470706"}],"wp:term":[{"taxonomy":"category","embeddable":true,"href":"https:\/\/www.europesays.com\/fr\/wp-json\/wp\/v2\/categories?post=470706"},{"taxonomy":"post_tag","embeddable":true,"href":"https:\/\/www.europesays.com\/fr\/wp-json\/wp\/v2\/tags?post=470706"}],"curies":[{"name":"wp","href":"https:\/\/api.w.org\/{rel}","templated":true}]}}