{"id":470708,"date":"2025-10-17T19:47:11","date_gmt":"2025-10-17T19:47:11","guid":{"rendered":"https:\/\/www.europesays.com\/fr\/470708\/"},"modified":"2025-10-17T19:47:11","modified_gmt":"2025-10-17T19:47:11","slug":"royaume-uni-le-prince-andrew-renonce-a-son-titre-royal-la-libre-be","status":"publish","type":"post","link":"https:\/\/www.europesays.com\/fr\/470708\/","title":{"rendered":"Royaume-Uni: le prince Andrew renonce \u00e0 son titre royal &#8211; La Libre.be"},"content":{"rendered":"<ol>\n<li><a href=\"https:\/\/news.google.com\/rss\/articles\/CBMizgFBVV95cUxQQkFreGllVWIwQjNlc3BKMkg1T3dncFZFdFBNaXBsQVJLQWk2SXRvWUFjWXhFdjF4dTVwNFR4NHA2M1F3ekRVMU1ncjNsdHNvR0Y5d1ZqZkhoTl9iMG84cEdfLWd0a3lqN21rR3d1dHlsWWNWMmhMOUIzZE93N2JfaFhkYUE3di1VX3FEclR6Y0txdTR4SHRWSFFMUjV1bHl2N040WmN0WkVJYmpaQkd2bk5RWHhDRFBGZEtVVXdQWjhrajJfdHcyWVk2WDVrUQ?oc=5\" target=\"_blank\" rel=\"noopener\">Royaume-Uni: le prince Andrew renonce \u00e0 son titre royal<\/a>&nbsp;&nbsp;La Libre.be<\/li>\n<li><a href=\"https:\/\/news.google.com\/rss\/articles\/CBMi8gFBVV95cUxNSHlDUnhhYWxRWHJPbkEzaFh6TE5nbUpVX1R4MGJpT2RQaDFzNXBvUDBQb29qRlRZX0ZXM05hajFueTdkTkpRTmlmbDEzeGNpaTRtN0JXZWxrN1d5b1loY2Q3YUNNVG5ST2p6UkpDTTlUdnBlb3RKZXF0YXhUTjZQaXUyQU5aMUhlazRwLVA0YUJZcGFhTU5MNldZOU10ZTQ5WE1wVUU5a2pia2ludFJBVUVqWUFkeWJrb29aZVlsdGlqVGZyNHdVZXkzYWlRUTB0X3M3akJwRG1iRUtpdUdDeUloc2FwVGZoZ3VkcnBjQXpXUQ?oc=5\" target=\"_blank\" rel=\"noopener\">Au Royaume-Uni, le prince Andrew, emp\u00eatr\u00e9 dans l&rsquo;affaire Jeffrey Epstein, renonce \u00e0 son titre royal<\/a>&nbsp;&nbsp;France Info<\/li>\n<li><a href=\"https:\/\/news.google.com\/rss\/articles\/CBMi2wFBVV95cUxPa24zdkRVX1lhMjhiaWh5LUxOVVlOUVFOMW8xREkxQUFfNll3N0lodDNHVV9CeUh5b2tudF8xaGVVVXlVblB3YUp4b0d6OU5rY2VxT093bEp2WmI2dGRleE1pVHExQjNqZXRzbExORHlzXzA5bTRSczhDWXlxc19OcG9YdEs3TFNvSm92aDJaamNYMHJxUnRSck04a0M1X200TkUxZVhUaWs2U016R3Y0NUlqcmgtdEVSZ25PXzVKeU5Ub3dlUHdzOU5QVWtwZlZ6OTJrYWlOaEZDU3M?oc=5\" target=\"_blank\" rel=\"noopener\">Le prince Andrew, emp\u00eatr\u00e9 dans des scandales, renonce \u00e0 son titre royal et ses honneurs<\/a>&nbsp;&nbsp;BFMTV<\/li>\n<li><a href=\"https:\/\/news.google.com\/rss\/articles\/CBMiigJBVV95cUxNYXE4bDAwME95ZExxVWV0YzhFSWxCbmxXWGkxbHdWMFIzb09WbUhfTmJsWm5GVGJZR2V0b1M3VWtuM3RnMFg4eWJEWVRtOEMzRFhEdjBibHJCZHVJNXJCYWVOaE5yVUlFbmNkWEtTemllc3B6ZHdINk9YOERoTUJDSlhRTmROZXRZbmh2LWFhbTNWNUhPQWRQdHliSXA2UVRrM0JhTFZTdVRFcWRwN1lnM0QyemlJMTJhejBoYmJsSmRKeEJaZjN6cm1ibjZBRHhNVk5PQk5haXNleGhKQUY5T3hBbFh5Y3dESWE4NnZzTGRrbVBYaFB5dUM2ekhZRjBSR3JoSzRuS0U0QQ?oc=5\" target=\"_blank\" rel=\"noopener\">\u00ab\u00a0Une orgie avec environ 8 jeunes filles\u00a0\u00bb : le livre posthume de la principale accusatrice de Jeffrey Epstein accable le prince Andrew<\/a>&nbsp;&nbsp;RTL.fr<\/li>\n<li><a href=\"https:\/\/news.google.com\/rss\/articles\/CBMi-gFBVV95cUxObnNwYXl4RTgySGVrWldyejdoSVpFVUxrWXk0djRmUHNIQ244WDZWdVlPQ2N0dlcwWkxhc2w5RFpoV3ItYTZzYW9TSDFON3U1YnpPUGIzYUl2QzlfUHprVGNEaG94V1JadEFrSFBLY2JZUDl4eTFBdW1IcWQtZGlOY2ZHV1FCM1VaUHpLbWJkU2tjUjNoYVRJYnY1cXMyTTVCUzVoMDRJQXc3Q3NKZFJUOUdLSnNwVFRzal9tdE1QcGdkaDVNUWgzVHZkM3lVTy1JZjJYamo4QWlJelhmbTZSeGM4czdmanRyd21TOUpaNklJVU1ndDJ6NFFB?oc=5\" target=\"_blank\" rel=\"noopener\">\u00ab Faites-vous des massages \u00e0 c\u00f4t\u00e9 ? \u00bb : les r\u00e9v\u00e9lations explosives de Virginia Roberts Giuffre dans l\u2019affaire Epstein<\/a>&nbsp;&nbsp;Le Point<\/li>\n<\/ol>\n","protected":false},"excerpt":{"rendered":"Royaume-Uni: le prince Andrew renonce \u00e0 son titre royal&nbsp;&nbsp;La Libre.be Au Royaume-Uni, le prince Andrew, emp\u00eatr\u00e9 dans l&rsquo;affaire&hellip;\n","protected":false},"author":2,"featured_media":470709,"comment_status":"","ping_status":"","sticky":false,"template":"","format":"standard","meta":{"footnotes":""},"categories":[1588],"tags":[41944,11,59431,8665,42574,21509,59432,15549,1193,59433,59434,59435,59436,1777,674,59437,59438,9515,59439,59440,59441,13286,5858,17260,59442,59443,59444,12,44035,4541,3935,59445,155,59446,59447,59448,2057,25091,59449,16865,16866,473,1853,59450,42406,59451,20348,1851,1850,1852,59452,59453,46088,59454,547],"class_list":{"0":"post-470708","1":"post","2":"type-post","3":"status-publish","4":"format-standard","5":"has-post-thumbnail","7":"category-royaume-uni","8":"tag-pool","9":"tag-actualites","10":"tag-brit","11":"tag-british","12":"tag-cambridge","13":"tag-catherine","14":"tag-catherine-elizabeth-middleton","15":"tag-celebrity","16":"tag-couple","17":"tag-crown","18":"tag-duchess","19":"tag-duke","20":"tag-england","21":"tag-eu","22":"tag-europe","23":"tag-evoffer","24":"tag-eyevine","25":"tag-family","26":"tag-famous","27":"tag-heir","28":"tag-i-images","29":"tag-kate","30":"tag-kate-middleton","31":"tag-louis","32":"tag-middleton","33":"tag-monarch","34":"tag-monarchy","35":"tag-news","36":"tag-palace","37":"tag-power","38":"tag-prince","39":"tag-prince-william-of-wales","40":"tag-princes","41":"tag-princess","42":"tag-regal","43":"tag-rota","44":"tag-royal","45":"tag-royal-family","46":"tag-royalist","47":"tag-royals","48":"tag-royalty","49":"tag-royaume-uni","50":"tag-royaume-uni-de-grande-bretagne-et-dirlande-du-nord","51":"tag-sovereign","52":"tag-stock","53":"tag-throne","54":"tag-tradition","55":"tag-uk","56":"tag-united-kingdom","57":"tag-united-kingdom-of-great-britain-and-northern-ireland","58":"tag-will","59":"tag-will-and-kate","60":"tag-william","61":"tag-william-and-catherine","62":"tag-windsor"},"share_on_mastodon":{"url":"","error":"Validation failed: Text character limit of 500 exceeded"},"_links":{"self":[{"href":"https:\/\/www.europesays.com\/fr\/wp-json\/wp\/v2\/posts\/470708","targetHints":{"allow":["GET"]}}],"collection":[{"href":"https:\/\/www.europesays.com\/fr\/wp-json\/wp\/v2\/posts"}],"about":[{"href":"https:\/\/www.europesays.com\/fr\/wp-json\/wp\/v2\/types\/post"}],"author":[{"embeddable":true,"href":"https:\/\/www.europesays.com\/fr\/wp-json\/wp\/v2\/users\/2"}],"replies":[{"embeddable":true,"href":"https:\/\/www.europesays.com\/fr\/wp-json\/wp\/v2\/comments?post=470708"}],"version-history":[{"count":0,"href":"https:\/\/www.europesays.com\/fr\/wp-json\/wp\/v2\/posts\/470708\/revisions"}],"wp:featuredmedia":[{"embeddable":true,"href":"https:\/\/www.europesays.com\/fr\/wp-json\/wp\/v2\/media\/470709"}],"wp:attachment":[{"href":"https:\/\/www.europesays.com\/fr\/wp-json\/wp\/v2\/media?parent=470708"}],"wp:term":[{"taxonomy":"category","embeddable":true,"href":"https:\/\/www.europesays.com\/fr\/wp-json\/wp\/v2\/categories?post=470708"},{"taxonomy":"post_tag","embeddable":true,"href":"https:\/\/www.europesays.com\/fr\/wp-json\/wp\/v2\/tags?post=470708"}],"curies":[{"name":"wp","href":"https:\/\/api.w.org\/{rel}","templated":true}]}}