{"id":470714,"date":"2025-10-17T19:50:18","date_gmt":"2025-10-17T19:50:18","guid":{"rendered":"https:\/\/www.europesays.com\/fr\/470714\/"},"modified":"2025-10-17T19:50:18","modified_gmt":"2025-10-17T19:50:18","slug":"melenchon-accuse-bruxelles-de-chantage-financier-contre-la-france","status":"publish","type":"post","link":"https:\/\/www.europesays.com\/fr\/470714\/","title":{"rendered":"M\u00e9lenchon accuse Bruxelles de chantage financier contre la France"},"content":{"rendered":"<p style=\"text-align:justify;\">AA \/ Paris \/ \u00dcmit D\u00f6nmez<\/p>\n<p style=\"text-align:justify;\">Jean-Luc M\u00e9lenchon accuse la Commission europ\u00e9enne de menacer la France d\u2019un blocage des versements europ\u00e9ens si elle ne respecte pas ses engagements budg\u00e9taires. Dans un message publi\u00e9 vendredi sur Threads, un r\u00e9seau social bas\u00e9 aux \u00c9tats-Unis, le chef de file de La France insoumise d\u00e9nonce un \u00ab\u00a0chantage inacceptable\u00a0\u00bb de Bruxelles et appelle l\u2019\u00c9tat fran\u00e7ais \u00e0 \u00ab\u00a0r\u00e9pliquer\u00a0\u00bb, notamment en suspendant ses propres versements \u00e0 l\u2019Union europ\u00e9enne.<\/p>\n<p style=\"text-align:justify;\">\u00ab\u00a0La Commission europ\u00e9enne menace de bloquer tous les versements \u00e0 la France si celle-ci n&rsquo;applique pas ses consignes budg\u00e9taires\u00a0\u00bb, \u00e9crit-il. \u00ab\u00a0D\u00e9sormais tout le monde se croit en \u00e9tat d&rsquo;humilier notre pays. L&rsquo;UE est un tigre de papier.\u00a0\u00bb M\u00e9lenchon poursuit : \u00ab\u00a0Il faut r\u00e9pliquer. Bloquer les versements de la France \u00e0 l&rsquo;UE. Ne plus payer les 9 milliards d\u2019exc\u00e9dents de contribution que nous payons de plus que nous recevons. Obliger l&rsquo;Allemagne \u00e0 payer sa juste part.\u00a0\u00bb<\/p>\n<p style=\"text-align:justify;\">Il s\u2019agit d\u2019une r\u00e9action directe aux avertissements \u00e9mis ces derniers jours par la Commission. Le commissaire europ\u00e9en \u00e0 l\u2019\u00c9conomie, Valdis Dombrovskis, a d\u00e9clar\u00e9 que la suspension de la r\u00e9forme des retraites par le gouvernement fran\u00e7ais aurait \u00ab\u00a0des cons\u00e9quences budg\u00e9taires importantes\u00a0\u00bb, et que Paris devait prendre des mesures correctrices pour respecter sa trajectoire de r\u00e9duction du d\u00e9ficit. Ces propos font suite \u00e0 l\u2019abandon temporaire d\u2019une r\u00e9forme jug\u00e9e centrale pour la cr\u00e9dibilit\u00e9 budg\u00e9taire de la France.<\/p>\n<p style=\"text-align:justify;\">Dans ce contexte, la pr\u00e9sidente de la Commission europ\u00e9enne, Ursula von der Leyen, s\u2019est rendue \u00e0 Paris ce vendredi matin, o\u00f9 elle a \u00e9t\u00e9 re\u00e7ue \u00e0 l\u2019\u00c9lys\u00e9e par Emmanuel Macron. Aucun compte rendu officiel n\u2019a \u00e9t\u00e9 diffus\u00e9 \u00e0 l\u2019heure de publication, et aucun propos public sur le budget fran\u00e7ais n\u2019a \u00e9t\u00e9 formul\u00e9 par la dirigeante europ\u00e9enne au cours de cette visite.<\/p>\n<p style=\"text-align:justify;\">La r\u00e9forme des retraites, impos\u00e9e par l\u2019article 49.3 de la Constitution en 2023, est gel\u00e9e depuis la crise politique ouverte par la d\u00e9mission et la deuxi\u00e8me nomination de S\u00e9bastien Lecornu en tant que Premier ministre. Le gouvernement, en recherche de majorit\u00e9 \u00e0 l\u2019Assembl\u00e9e nationale, a suspendu cette r\u00e9forme en affirmant vouloir privil\u00e9gier la stabilit\u00e9 institutionnelle. Ce geste, qui \u00e9tait cens\u00e9 faciliter la formation d\u2019un gouvernement, a \u00e9t\u00e9 per\u00e7u \u00e0 Bruxelles comme un recul pr\u00e9occupant.<\/p>\n<p style=\"text-align:justify;\">Le budget 2026 est examin\u00e9 par le Parlement fran\u00e7ais. Le Conseil d\u2019analyse \u00e9conomique estime \u00e0 112 milliards d\u2019euros l\u2019effort \u00e0 produire sur six ans pour stabiliser la dette autour de 124 % du PIB. Or, selon Bercy, le d\u00e9ficit atteindra 5,4 % du PIB en 2025, et l\u2019\u00c9tat pr\u00e9voit 310 milliards d\u2019euros d\u2019emprunts en 2026, soit un niveau record. Le projet initial de budget envisageait une r\u00e9duction du d\u00e9ficit \u00e0 4,7 % en 2026, mais cette trajectoire repose en partie sur la r\u00e9forme des retraites aujourd\u2019hui suspendue.<\/p>\n<p style=\"text-align:justify;\">Dans ce contexte, la France, qui est officiellement sous proc\u00e9dure pour d\u00e9ficit excessif, pourrait, \u00e0 terme, faire face \u00e0 des sanctions pr\u00e9vues par le droit europ\u00e9en. Ces mesures peuvent inclure une amende ou la suspension partielle de financements europ\u00e9ens, dans des proportions d\u00e9finies par le Pacte de stabilit\u00e9.<\/p>\n<p>                            &#13;<br \/>\n                                <a href=\"https:\/\/www.aa.com.tr\/fr\/p\/abonnement\/1001\" target=\"_blank\" style=\"font-size:12px; color:#444; text-decoration:none;\" rel=\"noopener\">&#13;<br \/>\n                                    Seulement une partie des d\u00e9p\u00eaches, que l&rsquo;Agence Anadolu diffuse \u00e0 ses abonn\u00e9s via le Syst\u00e8me de Diffusion interne (HAS), est diffus\u00e9e sur le site de l&rsquo;AA, de mani\u00e8re r\u00e9sum\u00e9e. <b style=\"color:#1897F7\">Contactez-nous s&rsquo;il vous pla\u00eet pour vous abonner.<\/b>&#13;<br \/>\n                                <\/a>&#13;<\/p>\n","protected":false},"excerpt":{"rendered":"AA \/ Paris \/ \u00dcmit D\u00f6nmez Jean-Luc M\u00e9lenchon accuse la Commission europ\u00e9enne de menacer la France d\u2019un blocage&hellip;\n","protected":false},"author":2,"featured_media":470715,"comment_status":"","ping_status":"","sticky":false,"template":"","format":"standard","meta":{"footnotes":""},"categories":[1586],"tags":[11,1785,28871,1777,674,1779,1011,27,57297,12,25,1778,22826,364],"class_list":{"0":"post-470714","1":"post","2":"type-post","3":"status-publish","4":"format-standard","5":"has-post-thumbnail","7":"category-europe","8":"tag-actualites","9":"tag-anadolu-ajansi","10":"tag-commission-europenne","11":"tag-eu","12":"tag-europe","13":"tag-european-union","14":"tag-fr","15":"tag-france","16":"tag-jean-luc-mlenchon","17":"tag-news","18":"tag-republique-francaise","19":"tag-ue","20":"tag-union-europenne-ue","21":"tag-union-europeenne"},"share_on_mastodon":{"url":"https:\/\/pubeurope.com\/@fr\/115391248804712883","error":""},"_links":{"self":[{"href":"https:\/\/www.europesays.com\/fr\/wp-json\/wp\/v2\/posts\/470714","targetHints":{"allow":["GET"]}}],"collection":[{"href":"https:\/\/www.europesays.com\/fr\/wp-json\/wp\/v2\/posts"}],"about":[{"href":"https:\/\/www.europesays.com\/fr\/wp-json\/wp\/v2\/types\/post"}],"author":[{"embeddable":true,"href":"https:\/\/www.europesays.com\/fr\/wp-json\/wp\/v2\/users\/2"}],"replies":[{"embeddable":true,"href":"https:\/\/www.europesays.com\/fr\/wp-json\/wp\/v2\/comments?post=470714"}],"version-history":[{"count":0,"href":"https:\/\/www.europesays.com\/fr\/wp-json\/wp\/v2\/posts\/470714\/revisions"}],"wp:featuredmedia":[{"embeddable":true,"href":"https:\/\/www.europesays.com\/fr\/wp-json\/wp\/v2\/media\/470715"}],"wp:attachment":[{"href":"https:\/\/www.europesays.com\/fr\/wp-json\/wp\/v2\/media?parent=470714"}],"wp:term":[{"taxonomy":"category","embeddable":true,"href":"https:\/\/www.europesays.com\/fr\/wp-json\/wp\/v2\/categories?post=470714"},{"taxonomy":"post_tag","embeddable":true,"href":"https:\/\/www.europesays.com\/fr\/wp-json\/wp\/v2\/tags?post=470714"}],"curies":[{"name":"wp","href":"https:\/\/api.w.org\/{rel}","templated":true}]}}