{"id":470722,"date":"2025-10-17T19:56:10","date_gmt":"2025-10-17T19:56:10","guid":{"rendered":"https:\/\/www.europesays.com\/fr\/470722\/"},"modified":"2025-10-17T19:56:10","modified_gmt":"2025-10-17T19:56:10","slug":"pro-d2-beziers-valence-romans-revivez-la-victoire-dromoise-a-beziers","status":"publish","type":"post","link":"https:\/\/www.europesays.com\/fr\/470722\/","title":{"rendered":"Pro D2 &#8211; B\u00e9ziers &#8211; Valence Romans : revivez la victoire dr\u00f4moise \u00e0 B\u00e9ziers"},"content":{"rendered":"<p>\n                Bonjour et bienvenue sur Rugbyrama pour revivre le direct comment\u00e9 de la rencontre de la 7e journ\u00e9e de Pro D2 opposant B\u00e9ziers \u00e0 Valence Romans.\n            <\/p>\n<p>B\u00e9ziers voulait confirmer sa bonne forme \u00e0 domicile o\u00f9 les prestations fleuves s&rsquo;encha\u00eenent. Apr\u00e8s les victoires face \u00e0 Carcassonne, Mont-de-Marsan et Nevers; l&rsquo;ASBH avait \u00e0 coeur de poursuivre la dynamique face \u00e0 Valence Romans. Il n&rsquo;en fut rien.<\/p>\n<p>Le VRDR, actuelle surprise du top 6, se frottait \u00e0 un gros calibre du Pro D2 pour la troisi\u00e8me fois cons\u00e9cutive, cette fois, les Dr\u00f4mois en sont sortis vainqueurs.<\/p>\n<p>La rencontre \u00e9tait arbitr\u00e9e par R\u00e9my Aiguebonne.<\/p>\n","protected":false},"excerpt":{"rendered":"Bonjour et bienvenue sur Rugbyrama pour revivre le direct comment\u00e9 de la rencontre de la 7e journ\u00e9e de&hellip;\n","protected":false},"author":2,"featured_media":470723,"comment_status":"","ping_status":"","sticky":false,"template":"","format":"standard","meta":{"footnotes":""},"categories":[1416],"tags":[1011,27,479,1468,60],"class_list":{"0":"post-470722","1":"post","2":"type-post","3":"status-publish","4":"format-standard","5":"has-post-thumbnail","7":"category-rugby","8":"tag-fr","9":"tag-france","10":"tag-rugby","11":"tag-rugby-football","12":"tag-sports"},"share_on_mastodon":{"url":"https:\/\/pubeurope.com\/@fr\/115391272412134572","error":""},"_links":{"self":[{"href":"https:\/\/www.europesays.com\/fr\/wp-json\/wp\/v2\/posts\/470722","targetHints":{"allow":["GET"]}}],"collection":[{"href":"https:\/\/www.europesays.com\/fr\/wp-json\/wp\/v2\/posts"}],"about":[{"href":"https:\/\/www.europesays.com\/fr\/wp-json\/wp\/v2\/types\/post"}],"author":[{"embeddable":true,"href":"https:\/\/www.europesays.com\/fr\/wp-json\/wp\/v2\/users\/2"}],"replies":[{"embeddable":true,"href":"https:\/\/www.europesays.com\/fr\/wp-json\/wp\/v2\/comments?post=470722"}],"version-history":[{"count":0,"href":"https:\/\/www.europesays.com\/fr\/wp-json\/wp\/v2\/posts\/470722\/revisions"}],"wp:featuredmedia":[{"embeddable":true,"href":"https:\/\/www.europesays.com\/fr\/wp-json\/wp\/v2\/media\/470723"}],"wp:attachment":[{"href":"https:\/\/www.europesays.com\/fr\/wp-json\/wp\/v2\/media?parent=470722"}],"wp:term":[{"taxonomy":"category","embeddable":true,"href":"https:\/\/www.europesays.com\/fr\/wp-json\/wp\/v2\/categories?post=470722"},{"taxonomy":"post_tag","embeddable":true,"href":"https:\/\/www.europesays.com\/fr\/wp-json\/wp\/v2\/tags?post=470722"}],"curies":[{"name":"wp","href":"https:\/\/api.w.org\/{rel}","templated":true}]}}