{"id":470726,"date":"2025-10-17T19:58:17","date_gmt":"2025-10-17T19:58:17","guid":{"rendered":"https:\/\/www.europesays.com\/fr\/470726\/"},"modified":"2025-10-17T19:58:17","modified_gmt":"2025-10-17T19:58:17","slug":"frederic-fauthoux-cest-officiel","status":"publish","type":"post","link":"https:\/\/www.europesays.com\/fr\/470726\/","title":{"rendered":"Fr\u00e9d\u00e9ric Fauthoux, c&rsquo;est officiel"},"content":{"rendered":"<p><strong>Malgr\u00e9 l&rsquo;\u00e9limination de l&rsquo;\u00e9quipe<br \/>\nde France d\u00e8s les huiti\u00e8mes de finale de l&rsquo;Eurobasket par la<br \/>\nG\u00e9orgie, le pr\u00e9sident de la FFBB a renouvel\u00e9 sa confiance au<br \/>\ns\u00e9lectionneur Fr\u00e9d\u00e9ric Fauthoux.<\/strong><\/p>\n<p>Vincent Collet est rest\u00e9 pendant quinze ans \u00e0 la t\u00eate de<br \/>\nl\u2019\u00e9quipe de France, avec huit m\u00e9dailles \u00e0 la cl\u00e9, et quelques<br \/>\n\u00e9checs. Son successeur Fr\u00e9d\u00e9ric Fauthoux ne partira pas au bout<br \/>\nd\u2019un an. Arriv\u00e9 l\u2019an pass\u00e9 avec une mission fix\u00e9e jusqu\u2019aux Jeux<br \/>\nOlympiques de Los Angeles en 2028, le coach de 52 ans a \u00e9t\u00e9<br \/>\nconfort\u00e9 \u00e0 son poste ce lundi, m\u00eame si sa premi\u00e8re comp\u00e9tition \u00e0 la<br \/>\nt\u00eate des Bleus s\u2019est sold\u00e9e par un \u00e9chec. Le pr\u00e9sident de la<br \/>\nF\u00e9d\u00e9ration fran\u00e7aise de basket Jean-Pierre Hunckler l\u2019a confirm\u00e9<br \/>\ndans un entretien \u00e0 L\u2019Equipe.<\/p>\n<p>\u00ab J\u2019ai confirm\u00e9 d\u00e8s dimanche soir Fr\u00e9d\u00e9ric Fauthoux, devant les<br \/>\njoueurs et le staff. Fr\u00e9d\u00e9ric \u00e9tait marqu\u00e9. Il se pose des<br \/>\nquestions. C\u2019est quelqu\u2019un de responsable. Il a parl\u00e9 d\u2019\u00e9chec et a<br \/>\ndit se mettre \u00e0 la disposition des \u00e9ventuelles d\u00e9cisions \u00e0 prendre.<br \/>\nJ\u2019ai pris la parole pour dire que l\u2019on \u00e9tait dans un processus qui<br \/>\nm\u00e8ne aux Jeux de 2028. On ne change pas de s\u00e9lectionneur tous les<br \/>\ntrois mois parce qu\u2019il y a un \u00e9chec avec des circonstances. J\u2019ai<br \/>\ndonc renouvel\u00e9 ma confiance \u00e0 Freddy et tout son staff. \u00bb<\/p>\n<p>Pas de comp\u00e9tition en<br \/>\n2026<\/p>\n<p>Fr\u00e9d\u00e9ric Fauthoux a b\u00e9n\u00e9fici\u00e9 de circonstances att\u00e9nuantes lors<br \/>\nde cet Euro, avec l\u2019absence de stars du basket fran\u00e7ais, comme<br \/>\nVictor Wembanyama, Rudy Gobert ou Evan Fournier. La jeunesse de son<br \/>\neffectif et le manque de joueurs int\u00e9rieurs a \u00e9t\u00e9 fatal au<br \/>\ns\u00e9lectionneur, qui a aussi sans doute manqu\u00e9 de pr\u00e9sence lorsque<br \/>\nses joueurs se sont ent\u00eat\u00e9s \u00e0 tirer \u00e0 trois points contre la<br \/>\nG\u00e9orgie, sans grande r\u00e9ussite. La prochaine grande comp\u00e9tition des<br \/>\nBleus se d\u00e9roulera d\u00e9sormais en 2027, s\u2019ils parviennent \u00e0 se<br \/>\nqualifier pour la Coupe du Monde au Qatar.<\/p>\n<p>Les \u00e9liminatoires d\u00e9buteront fin novembre et les Bleus (sans les<br \/>\njoueurs NBA) devront finir parmi les trois premiers d\u2019un groupe<br \/>\ncompos\u00e9 de la Hongrie, de la Belgique et de la Finlande pour<br \/>\nrallier le second tour. Si la France dispute le Mondial, elle devra<br \/>\nensuite finir parmi les sept premiers (si le sch\u00e9ma de<br \/>\nqualification est le m\u00eame que pour Paris 2024) pour d\u00e9crocher sa<br \/>\nqualification pour Los Angeles. Sinon, elle devra passer un TQO. Le<br \/>\nchemin est long pour Fr\u00e9d\u00e9ric Fauthoux, mais il a la confiance de<br \/>\nses dirigeants.<\/p>\n","protected":false},"excerpt":{"rendered":"Malgr\u00e9 l&rsquo;\u00e9limination de l&rsquo;\u00e9quipe de France d\u00e8s les huiti\u00e8mes de finale de l&rsquo;Eurobasket par la G\u00e9orgie, le pr\u00e9sident&hellip;\n","protected":false},"author":2,"featured_media":470727,"comment_status":"","ping_status":"","sticky":false,"template":"","format":"standard","meta":{"footnotes":""},"categories":[1414],"tags":[1465,1464,59455,1011,27,57681,60],"class_list":{"0":"post-470726","1":"post","2":"type-post","3":"status-publish","4":"format-standard","5":"has-post-thumbnail","7":"category-basket","8":"tag-basket","9":"tag-basketball","10":"tag-fauthoux","11":"tag-fr","12":"tag-france","13":"tag-sport365-fr","14":"tag-sports"},"share_on_mastodon":{"url":"https:\/\/pubeurope.com\/@fr\/115391280199122084","error":""},"_links":{"self":[{"href":"https:\/\/www.europesays.com\/fr\/wp-json\/wp\/v2\/posts\/470726","targetHints":{"allow":["GET"]}}],"collection":[{"href":"https:\/\/www.europesays.com\/fr\/wp-json\/wp\/v2\/posts"}],"about":[{"href":"https:\/\/www.europesays.com\/fr\/wp-json\/wp\/v2\/types\/post"}],"author":[{"embeddable":true,"href":"https:\/\/www.europesays.com\/fr\/wp-json\/wp\/v2\/users\/2"}],"replies":[{"embeddable":true,"href":"https:\/\/www.europesays.com\/fr\/wp-json\/wp\/v2\/comments?post=470726"}],"version-history":[{"count":0,"href":"https:\/\/www.europesays.com\/fr\/wp-json\/wp\/v2\/posts\/470726\/revisions"}],"wp:featuredmedia":[{"embeddable":true,"href":"https:\/\/www.europesays.com\/fr\/wp-json\/wp\/v2\/media\/470727"}],"wp:attachment":[{"href":"https:\/\/www.europesays.com\/fr\/wp-json\/wp\/v2\/media?parent=470726"}],"wp:term":[{"taxonomy":"category","embeddable":true,"href":"https:\/\/www.europesays.com\/fr\/wp-json\/wp\/v2\/categories?post=470726"},{"taxonomy":"post_tag","embeddable":true,"href":"https:\/\/www.europesays.com\/fr\/wp-json\/wp\/v2\/tags?post=470726"}],"curies":[{"name":"wp","href":"https:\/\/api.w.org\/{rel}","templated":true}]}}