{"id":470728,"date":"2025-10-17T19:59:21","date_gmt":"2025-10-17T19:59:21","guid":{"rendered":"https:\/\/www.europesays.com\/fr\/470728\/"},"modified":"2025-10-17T19:59:21","modified_gmt":"2025-10-17T19:59:21","slug":"un-pilote-de-retour-en-australie","status":"publish","type":"post","link":"https:\/\/www.europesays.com\/fr\/470728\/","title":{"rendered":"Un pilote de retour en Australie"},"content":{"rendered":"<p>Apr\u00e8s beaucoup d\u2019absence, il fait son grand retour en MotoGP. Le pilote Aprilia TrackHouse, Ai Ogura, revient en Australie. Victime d\u2019une grosse chute en Italie sur le GP de Saint-Marin, le pilote avait tent\u00e9 de revenir pour son Grand Prix \u00e0 domicile \u00e0 Motegi mais avait d\u00fb abandonner ce Grand Prix ainsi que Mandalika.\u00a0<\/p>\n<p><b>Un retour attendu<\/b><\/p>\n<p>En arrivant au Japon, Ogura pensait qu\u2019il \u00e9tait \u00e0 90% de ses capacit\u00e9s, mais la douleur \u00e9tait trop forte pour lui. \u201cJe sens qu&rsquo;\u00e0 Motegi, j&rsquo;\u00e9tais \u00e0 environ 70%. Apr\u00e8s, ma main s&rsquo;est d\u00e9grad\u00e9e et je me sentais de la m\u00eame fa\u00e7on \u00e0 Mandalika qu&rsquo;\u00e0 Motegi, donc je ne voulais pas refaire la m\u00eame chose. J&rsquo;ai pr\u00e9f\u00e9r\u00e9 en manquer une et \u00eatre pr\u00eat pour les courses suivantes.\u201d explique-t-il via des propos relay\u00e9s par <a href=\"https:\/\/fr.motorsport.com\/motogp\/news\/ai-ogura-retour-gp-australie\/10767762\/\" rel=\"nofollow noopener\" target=\"_blank\">motorsport.com<\/a>. Pour Mandalika, le pilote japonais \u00e0 pr\u00e9f\u00e9r\u00e9 attendre d&rsquo;\u00eatre au meilleur de sa forme pour ainsi ne pas aggraver les choses et continuer la saison. Apr\u00e8s un contr\u00f4le m\u00e9dical v\u00e9rifi\u00e9 Ai Ogura pourra rouler ce week-end \u00e0 Phillip Island.\u00a0<\/p>\n<p>\u201cJ&rsquo;ai pass\u00e9 le contr\u00f4le m\u00e9dical, tout va bien. Je verrai comment je me sens vendredi matin, mais je sens que ma main est proche d&rsquo;\u00eatre \u00e0 100% maintenant, donc \u00e7a devrait aller pour toutes les s\u00e9ances.\u201d, conclut-il.\u00a0<\/p>\n<p>    Partagez cette info avec vos amis et vos proches en cliquant ici  <\/p>\n<p> Podcasts \u00e0 la une MEN LIFE <\/p>\n<p>    Pour r\u00e9sumer<\/p>\n<p>Apr\u00e8s des mois d&rsquo;absence, Ai Ogura, fait son grand retour pour le GP d&rsquo;Australie en MotoGP. Bless\u00e9 \u00e0 la main, \u00e0 la suite d&rsquo;une chute durant le Grand Prix de Saint-Marin, le pilote japonais avait d\u00fb d\u00e9clarer forfait \u00e0 Motegi et \u00e0 Mandalika.<\/p>\n<p>R\u00e9dacteur<\/p>\n<p><img decoding=\"async\" width=\"76\" height=\"76\" loading=\"lazy\" src=\"https:\/\/www.europesays.com\/fr\/wp-content\/uploads\/2025\/04\/avatar-sport-am.png\" alt=\"Cylia Espiau\"\/><\/p>\n","protected":false},"excerpt":{"rendered":"Apr\u00e8s beaucoup d\u2019absence, il fait son grand retour en MotoGP. Le pilote Aprilia TrackHouse, Ai Ogura, revient en&hellip;\n","protected":false},"author":2,"featured_media":470729,"comment_status":"","ping_status":"","sticky":false,"template":"","format":"standard","meta":{"footnotes":""},"categories":[1413],"tags":[1011,27,1457,6033,1456,60],"class_list":{"0":"post-470728","1":"post","2":"type-post","3":"status-publish","4":"format-standard","5":"has-post-thumbnail","7":"category-moto","8":"tag-fr","9":"tag-france","10":"tag-moto","11":"tag-moto-gp","12":"tag-motocycle","13":"tag-sports"},"share_on_mastodon":{"url":"https:\/\/pubeurope.com\/@fr\/115391284697948249","error":""},"_links":{"self":[{"href":"https:\/\/www.europesays.com\/fr\/wp-json\/wp\/v2\/posts\/470728","targetHints":{"allow":["GET"]}}],"collection":[{"href":"https:\/\/www.europesays.com\/fr\/wp-json\/wp\/v2\/posts"}],"about":[{"href":"https:\/\/www.europesays.com\/fr\/wp-json\/wp\/v2\/types\/post"}],"author":[{"embeddable":true,"href":"https:\/\/www.europesays.com\/fr\/wp-json\/wp\/v2\/users\/2"}],"replies":[{"embeddable":true,"href":"https:\/\/www.europesays.com\/fr\/wp-json\/wp\/v2\/comments?post=470728"}],"version-history":[{"count":0,"href":"https:\/\/www.europesays.com\/fr\/wp-json\/wp\/v2\/posts\/470728\/revisions"}],"wp:featuredmedia":[{"embeddable":true,"href":"https:\/\/www.europesays.com\/fr\/wp-json\/wp\/v2\/media\/470729"}],"wp:attachment":[{"href":"https:\/\/www.europesays.com\/fr\/wp-json\/wp\/v2\/media?parent=470728"}],"wp:term":[{"taxonomy":"category","embeddable":true,"href":"https:\/\/www.europesays.com\/fr\/wp-json\/wp\/v2\/categories?post=470728"},{"taxonomy":"post_tag","embeddable":true,"href":"https:\/\/www.europesays.com\/fr\/wp-json\/wp\/v2\/tags?post=470728"}],"curies":[{"name":"wp","href":"https:\/\/api.w.org\/{rel}","templated":true}]}}