{"id":470734,"date":"2025-10-17T20:02:09","date_gmt":"2025-10-17T20:02:09","guid":{"rendered":"https:\/\/www.europesays.com\/fr\/470734\/"},"modified":"2025-10-17T20:02:09","modified_gmt":"2025-10-17T20:02:09","slug":"la-folle-histoire-de-philippe-mexes-sur-zinedine-zidane","status":"publish","type":"post","link":"https:\/\/www.europesays.com\/fr\/470734\/","title":{"rendered":"La folle histoire de Philippe Mex\u00e8s sur Zin\u00e9dine Zidane"},"content":{"rendered":"<p>International fran\u00e7ais \u00e0 29 reprises, <a href=\"https:\/\/www.footmercato.net\/joueur\/philippe-mexes\/\" rel=\"nofollow noopener\" target=\"_blank\">Philippe Mex\u00e8s<\/a> a connu trois p\u00e9riodes bien distinctes en s\u00e9lection : la g\u00e9n\u00e9ration Zidane entre 2002 et 2006, les ann\u00e9es sombres de l\u2019\u00e9quipe de France entre 2007 et 2010, et enfin la p\u00e9riode de reconstruction sous Laurent Blanc jusqu\u2019\u00e0 l\u2019Euro 2012. Dans un entretien accord\u00e9 au podcast <a href=\"https:\/\/www.youtube.com\/watch?v=nQtqr8LlSLM\" rel=\"nofollow noopener\" target=\"_blank\">Kampo<\/a>, l\u2019ex-d\u00e9fenseur de l\u2019AC Milan est revenu sur ses d\u00e9buts, entour\u00e9 de plein de stars. Il a notamment \u00e9voqu\u00e9 le mythe <a href=\"https:\/\/www.footmercato.net\/entraineur\/zinedine-zidane\" rel=\"nofollow noopener\" target=\"_blank\">Zin\u00e9dine Zidane<\/a>, qui l\u2019avait marqu\u00e9 par son humilit\u00e9 et sa g\u00e9n\u00e9rosit\u00e9.<\/p>\n<p>            La suite apr\u00e8s cette publicit\u00e9<\/p>\n<p>\u00abUne personne arrivait \u00e0 Clairefontaine avec les nouvelles technologies : le nouveau Motorola, le nouveau Nokia, le DVD portable avec la batterie de 3h\u2026 Moi, je ne pouvais pas m\u2019acheter \u00e7a, je venais d\u2019avoir un contrat, donc tu gardes ton argent, retrace Mex\u00e8s. Et du coup, Zidane dit \u00e0 Nino (surnom de Wiltord) :  \u00ab\u00a0qu\u2019est-ce que tu lui fais comme cadeau ? Tu fais un cadeau \u00e0 Djibril (Ciss\u00e9), et moi \u00e0 Philippe (Mex\u00e8s)\u00a0\u00bb. Moi, je n\u2019avais rien choisi, j\u2019\u00e9tais mal \u00e0 l\u2019aise, j\u2019allais pas dire \u00ab\u00a0moi, je veux \u00e7a, \u00e7a, ou \u00e7a\u00a0\u00bb. Le soir, je suis dans ma chambre. Zin\u00e9dine entre avec le DVD portable et la batterie de 3h \u00e0 c\u00f4t\u00e9. Il me dit :\u00a0\u00bbtiens, c\u2019est cadeau\u00a0\u00bb. J\u2019\u00e9tais \u00e9mu, choqu\u00e9, j\u2019ai vu la personne que c\u2019\u00e9tait au-del\u00e0 du joueur qui \u00e9tait intouchable.\u00bb<\/p>\n<p>\n    Pub. le 17\/10\/2025 19:52<br \/>\n            &#8211; MAJ le 17\/10\/2025 20:34\n    <\/p>\n","protected":false},"excerpt":{"rendered":"International fran\u00e7ais \u00e0 29 reprises, Philippe Mex\u00e8s a connu trois p\u00e9riodes bien distinctes en s\u00e9lection : la g\u00e9n\u00e9ration&hellip;\n","protected":false},"author":2,"featured_media":376405,"comment_status":"","ping_status":"","sticky":false,"template":"","format":"standard","meta":{"footnotes":""},"categories":[1410],"tags":[63,1011,27,60],"class_list":{"0":"post-470734","1":"post","2":"type-post","3":"status-publish","4":"format-standard","5":"has-post-thumbnail","7":"category-football","8":"tag-football","9":"tag-fr","10":"tag-france","11":"tag-sports"},"share_on_mastodon":{"url":"https:\/\/pubeurope.com\/@fr\/115391296054561843","error":""},"_links":{"self":[{"href":"https:\/\/www.europesays.com\/fr\/wp-json\/wp\/v2\/posts\/470734","targetHints":{"allow":["GET"]}}],"collection":[{"href":"https:\/\/www.europesays.com\/fr\/wp-json\/wp\/v2\/posts"}],"about":[{"href":"https:\/\/www.europesays.com\/fr\/wp-json\/wp\/v2\/types\/post"}],"author":[{"embeddable":true,"href":"https:\/\/www.europesays.com\/fr\/wp-json\/wp\/v2\/users\/2"}],"replies":[{"embeddable":true,"href":"https:\/\/www.europesays.com\/fr\/wp-json\/wp\/v2\/comments?post=470734"}],"version-history":[{"count":0,"href":"https:\/\/www.europesays.com\/fr\/wp-json\/wp\/v2\/posts\/470734\/revisions"}],"wp:featuredmedia":[{"embeddable":true,"href":"https:\/\/www.europesays.com\/fr\/wp-json\/wp\/v2\/media\/376405"}],"wp:attachment":[{"href":"https:\/\/www.europesays.com\/fr\/wp-json\/wp\/v2\/media?parent=470734"}],"wp:term":[{"taxonomy":"category","embeddable":true,"href":"https:\/\/www.europesays.com\/fr\/wp-json\/wp\/v2\/categories?post=470734"},{"taxonomy":"post_tag","embeddable":true,"href":"https:\/\/www.europesays.com\/fr\/wp-json\/wp\/v2\/tags?post=470734"}],"curies":[{"name":"wp","href":"https:\/\/api.w.org\/{rel}","templated":true}]}}