{"id":470739,"date":"2025-10-17T20:05:12","date_gmt":"2025-10-17T20:05:12","guid":{"rendered":"https:\/\/www.europesays.com\/fr\/470739\/"},"modified":"2025-10-17T20:05:12","modified_gmt":"2025-10-17T20:05:12","slug":"onet-le-chateau-chloe-molinier-dedicace-un-ouvrage-made-in-covid","status":"publish","type":"post","link":"https:\/\/www.europesays.com\/fr\/470739\/","title":{"rendered":"Onet-le-Ch\u00e2teau. Chlo\u00e9 Molinier d\u00e9dicace un ouvrage \u00ab\u00a0made in Covid\u00a0\u00bb"},"content":{"rendered":"<p>Souvent, les auteurs disent qu\u2019ils aiment \u00e9crire depuis longtemps, ce qui ne semble pas \u00eatre le cas de Chlo\u00e9 Molinier, qui avoue avoir plut\u00f4t une imagination fertile, limite borderline. C\u2019est justement une de ses id\u00e9es, qu\u2019elle a voulu d\u00e9velopper sans penser une seule seconde \u00e0 en faire un livre, qui lui mettra sans doute le pied \u00e0 l\u2019\u00e9trier.<\/p>\n<p>C\u2019\u00e9tait la p\u00e9riode Covid et la gestation a dur\u00e9 pr\u00e8s de cinq ans (avec entre-temps deux grossesses). \u00ab\u00a0C\u2019est donc mon troisi\u00e8me b\u00e9b\u00e9\u00a0\u00bb, s\u2019amuse l\u2019auteur. Intitul\u00e9 \u00ab\u00a0M\u00e9morus\u00a0\u00bb, le livre vient de sortir et Chlo\u00e9 Molinier le pr\u00e9sentait en d\u00e9dicace, samedi, \u00e0 l\u2019espace culturel. \u00ab\u00a0Pour ses 18 ans et sa future nouvelle vie, l\u2019h\u00e9ro\u00efne Anna doit choisir de conserver trois de ses souvenirs qui deviendront les piliers du reste de sa vie, tous les autres souvenirs seront supprim\u00e9s pour toujours de sa m\u00e9moire\u2026 Comment choisir, lesquels choisir ? C\u2019est de ce moment d\u00e9cisif que s\u2019\u00e9crira le reste de sa vie\u2026\u00a0\u00bb<\/p>\n","protected":false},"excerpt":{"rendered":"Souvent, les auteurs disent qu\u2019ils aiment \u00e9crire depuis longtemps, ce qui ne semble pas \u00eatre le cas de&hellip;\n","protected":false},"author":2,"featured_media":470740,"comment_status":"","ping_status":"","sticky":false,"template":"","format":"standard","meta":{"footnotes":""},"categories":[1357],"tags":[1379,58,59,1011,27,1380],"class_list":{"0":"post-470739","1":"post","2":"type-post","3":"status-publish","4":"format-standard","5":"has-post-thumbnail","7":"category-livres","8":"tag-books","9":"tag-divertissement","10":"tag-entertainment","11":"tag-fr","12":"tag-france","13":"tag-livres"},"share_on_mastodon":{"url":"https:\/\/pubeurope.com\/@fr\/115391307854342590","error":""},"_links":{"self":[{"href":"https:\/\/www.europesays.com\/fr\/wp-json\/wp\/v2\/posts\/470739","targetHints":{"allow":["GET"]}}],"collection":[{"href":"https:\/\/www.europesays.com\/fr\/wp-json\/wp\/v2\/posts"}],"about":[{"href":"https:\/\/www.europesays.com\/fr\/wp-json\/wp\/v2\/types\/post"}],"author":[{"embeddable":true,"href":"https:\/\/www.europesays.com\/fr\/wp-json\/wp\/v2\/users\/2"}],"replies":[{"embeddable":true,"href":"https:\/\/www.europesays.com\/fr\/wp-json\/wp\/v2\/comments?post=470739"}],"version-history":[{"count":0,"href":"https:\/\/www.europesays.com\/fr\/wp-json\/wp\/v2\/posts\/470739\/revisions"}],"wp:featuredmedia":[{"embeddable":true,"href":"https:\/\/www.europesays.com\/fr\/wp-json\/wp\/v2\/media\/470740"}],"wp:attachment":[{"href":"https:\/\/www.europesays.com\/fr\/wp-json\/wp\/v2\/media?parent=470739"}],"wp:term":[{"taxonomy":"category","embeddable":true,"href":"https:\/\/www.europesays.com\/fr\/wp-json\/wp\/v2\/categories?post=470739"},{"taxonomy":"post_tag","embeddable":true,"href":"https:\/\/www.europesays.com\/fr\/wp-json\/wp\/v2\/tags?post=470739"}],"curies":[{"name":"wp","href":"https:\/\/api.w.org\/{rel}","templated":true}]}}