{"id":470746,"date":"2025-10-17T20:09:14","date_gmt":"2025-10-17T20:09:14","guid":{"rendered":"https:\/\/www.europesays.com\/fr\/470746\/"},"modified":"2025-10-17T20:09:14","modified_gmt":"2025-10-17T20:09:14","slug":"6-symptomes-a-ne-pas-ignorer-lhiver-2025","status":"publish","type":"post","link":"https:\/\/www.europesays.com\/fr\/470746\/","title":{"rendered":"6 sympt\u00f4mes \u00e0 ne pas ignorer l&rsquo;hiver 2025"},"content":{"rendered":"<p class=\"post-excerpt\">Fi\u00e8vre, fatigue, gorge irrit\u00e9e\u2026 Cet hiver<br \/>\n2025, le Covid-19 fait un retour remarqu\u00e9 avec le variant<br \/>\nFrankenstein, aussi appel\u00e9 Stratus (XFG). Tr\u00e8s contagieux, il<br \/>\nprovoque des sympt\u00f4mes trompeurs proches de ceux du rhume. Voici<br \/>\nles signes \u00e0 surveiller, selon les experts, pour ne pas passer \u00e0<br \/>\nc\u00f4t\u00e9 d\u2019une infection au Covid.<\/p>\n<p data-start=\"525\" data-end=\"1578\">Depuis la fin de l\u2019\u00e9t\u00e9, les<br \/>\nautorit\u00e9s sanitaires observent une nouvelle vague de contaminations<br \/>\nau <a href=\"https:\/\/www.aufeminin.com\/societe\/sante-femme-societe\/coronavirus\/covid-19-symptomes-votre-toux-cache-t-elle-le-variant-frankenstein-voici-comment-faire-la-difference-selon-les-medecins-2666873.html\" target=\"_blank\" rel=\"noopener\"><br \/>\n<strong>Covid-19<\/strong><\/a>. Deux variants, <a href=\"https:\/\/www.aufeminin.com\/societe\/sante-femme-societe\/coronavirus\/covid-19-ce-symptome-n1-peut-cacher-le-variant-frankenstein-testez-la-regle-des-60-minutes-pour-en-etre-sur-2667203.html\" target=\"_blank\" rel=\"noopener\"><br \/>\n<strong data-start=\"649\" data-end=\"695\">XFG (dit Stratus, surnomm\u00e9<br \/>\n\u00ab\u00a0Frankenstein\u00a0\u00bb)<\/strong><\/a> et <strong data-start=\"699\" data-end=\"723\">NB.1.8.1 (ou Nimbus)<\/strong>, se propagent activement<br \/>\n<a href=\"https:\/\/www.aufeminin.com\/societe\/covid-19-le-variant-frankenstein-se-propage-vite-voici-les-departements-les-plus-touches-en-france-2664366.html\" target=\"_blank\" rel=\"noopener\"><br \/>\ndans plusieurs d\u00e9partements<\/a> <a href=\"https:\/\/www.aufeminin.com\/societe\/covid-19-le-variant-frankenstein-se-propage-vite-voici-les-departements-les-plus-touches-en-france-2664366.html\" target=\"_blank\" rel=\"noopener\"><br \/>\nde France<\/a>. Ces descendants directs d\u2019Omicron pr\u00e9sentent de<br \/>\nnombreuses similitudes, mais c\u2019est bien <a href=\"https:\/\/www.aufeminin.com\/societe\/sante-femme-societe\/coronavirus\/covid-19-vous-pensez-etre-infecte-par-le-variant-frankenstein-voici-les-2-symptomes-cles-a-surveiller-durgence-2666647.html\" target=\"_blank\" rel=\"noopener\"><br \/>\n<strong>Frankenstein qui cause le plus d\u00a0\u00bbinfecti on s<\/strong><\/a><br \/>\net qui intrigue le plus les scientifiques. En cause : sa<br \/>\n<strong data-start=\"942\" data-end=\"963\">structure hybride<\/strong>,<br \/>\nn\u00e9e de la fusion de deux souches distinctes du SARS-CoV-2.<\/p>\n<p data-start=\"525\" data-end=\"1578\">Cette combinaison in\u00e9dite lui<br \/>\npermet de <strong data-start=\"1066\" data-end=\"1112\">mieux<br \/>\ncontourner les d\u00e9fenses immunitaires<\/strong>, y compris chez les<br \/>\npersonnes vaccin\u00e9es ou d\u00e9j\u00e0 infect\u00e9es. R\u00e9sultat, il est<br \/>\n<strong data-start=\"1189\" data-end=\"1218\">nettement plus<br \/>\ncontagieux<\/strong> que ses pr\u00e9d\u00e9cesseurs. La bonne nouvelle, c\u2019est<br \/>\nqu\u2019il <strong data-start=\"1273\" data-end=\"1344\">ne semble pas<br \/>\nprovoquer davantage de formes graves ni de Covid long<\/strong>. En<br \/>\nrevanche, ses <a href=\"https:\/\/www.aufeminin.com\/societe\/sante-femme-societe\/coronavirus\/covid-19-je-suis-medecin-et-voici-4-symptomes-meconnus-du-variant-frankenstein-qui-doivent-vous-alerter-tout-de-suite-2666414.html\" target=\"_blank\" rel=\"noopener\"><br \/>\n<strong data-start=\"1363\" data-end=\"1386\">sympt\u00f4mes<br \/>\natypiques<\/strong><\/a>, souvent discrets et proches d\u2019un <a href=\"https:\/\/www.aufeminin.com\/societe\/sante-femme-societe\/covid-19-rhume-ou-grippe-ces-7-symptomes-du-variant-frankenstein-doivent-vous-alerter-il-est-tres-contagieux-2662946.html\" target=\"_blank\" rel=\"noopener\"><br \/>\n<strong>simple rhume<\/strong><\/a>, peuvent brouiller les pistes (et<br \/>\nnos esprits). Comment savoir si ce <strong>nez qui coule<\/strong><br \/>\nou cette <strong>gorge irrit\u00e9e<\/strong> ne cachent pas un cas de<br \/>\n<strong>Covid<\/strong> ? Les m\u00e9decins font le point.<\/p>\n<p>Rhume ou Covid-19 : comment<br \/>\nfaire la diff\u00e9rence ?<\/p>\n<p data-start=\"1642\" data-end=\"2311\">Les m\u00e9decins sont formels :<br \/>\nles <strong data-start=\"1674\" data-end=\"1711\">sympt\u00f4mes du variant<br \/>\nFrankenstein<\/strong> peuvent facilement \u00eatre confondus avec un<br \/>\n<strong data-start=\"1754\" data-end=\"1769\">rhume banal<\/strong>. Le<br \/>\nDr Chun Tang, m\u00e9decin g\u00e9n\u00e9raliste, explique au <a href=\"https:\/\/www.mirror.co.uk\/news\/health\/new-covid-strain-symptoms-how-36074193\" target=\"_blank\" rel=\"nofollow noopener\">Mirror<\/a> que<br \/>\n\u00ab\u00a0<strong>les rhumes sont caus\u00e9s par plusieurs virus, souvent le<br \/>\nrhinovirus, alors que le Covid vient d\u2019un seul virus, le<br \/>\nSARS-CoV-2<\/strong>.\u00a0\u00bb S\u2019il attaque le m\u00eame syst\u00e8me respiratoire, le<br \/>\nCovid, lui, \u00ab\u00a0<strong data-start=\"2034\" data-end=\"2118\">tend \u00e0 aller<br \/>\nplus en profondeur, parfois jusqu\u2019aux poumons ou \u00e0 d\u2019autres<br \/>\norganes<\/strong>\u00ab\u00a0. En clair, une toux ou un nez bouch\u00e9 peuvent<br \/>\npara\u00eetre anodins, mais chez certaines personnes, l\u2019infection peut<br \/>\nrapidement se transformer en forte <strong>fatigue<\/strong>,<br \/>\n<strong>toux<\/strong> persistante ou<br \/>\n<strong>essoufflement<\/strong>.<\/p>\n<p data-start=\"2398\" data-end=\"3038\">Parmi les signes qui alertent,<br \/>\nla <strong data-start=\"2432\" data-end=\"2449\">gorge irrit\u00e9e et<br \/>\ndouloureuse<\/strong> revient souvent. \u00a0\u00ab\u00a0<strong data-start=\"2578\" data-end=\"2667\">Le variant Stratus est associ\u00e9 \u00e0<br \/>\nl\u2019enrouement de la voix et \u00e0 une fatigue importante<\/strong>\u00ab\u00a0,<br \/>\npr\u00e9cise le Dr Bruno Silvester Lopes, ma\u00eetre de conf\u00e9rences en<br \/>\nmicrobiologie.\u00a0Beaucoup de patients d\u00e9crivent une<br \/>\n<strong data-start=\"2704\" data-end=\"2751\">sensation de \u00ab\u00a0lame de<br \/>\nrasoir\u00a0\u00bb dans la gorge<\/strong>, un sympt\u00f4me plus fr\u00e9quent qu\u2019avec<br \/>\nles pr\u00e9c\u00e9dents variants. Si le <strong>rhume<\/strong> provoque<br \/>\naussi un mal de gorge, celui du <strong>Covid Frankenstein<\/strong><br \/>\nserait plus intense, parfois accompagn\u00e9 d\u2019une <strong>voix rauque<br \/>\nou cass\u00e9e<\/strong>. Ces signaux doivent donc alerter, surtout<br \/>\nlorsqu\u2019ils durent plus de quelques jours.<\/p>\n<p>Les sympt\u00f4mes du variant<br \/>\nFrankenstein qui doivent alerter<\/p>\n<p data-start=\"3101\" data-end=\"3735\">Autre sympt\u00f4me distinctif du<br \/>\nvariant <strong>Frankenstein<\/strong> : la <strong data-start=\"3156\" data-end=\"3175\">fatigue extr\u00eame<\/strong>, souvent d\u00e9crite<br \/>\ncomme un \u00e9puisement brutal. \u00ab\u00a0<strong data-start=\"3222\" data-end=\"3295\">Le Covid donne parfois l\u2019impression d\u2019avoir \u00e9t\u00e9 percut\u00e9 par<br \/>\nun camion<\/strong>, alors qu\u2019un rhume reste g\u00e9n\u00e9ralement localis\u00e9 \u00e0<br \/>\nla t\u00eate et \u00e0 la poitrine\u00a0\u00bb observe le Dr Tang. Cette<br \/>\n<strong data-start=\"3402\" data-end=\"3436\">sensation d\u2019\u00e9puisement<br \/>\ng\u00e9n\u00e9ral<\/strong> s\u2019accompagne parfois de <strong data-start=\"3461\" data-end=\"3485\">douleurs musculaires<\/strong> ou de<br \/>\n<strong data-start=\"3492\" data-end=\"3507\">courbatures<\/strong><br \/>\ndiffuses, rappelant une grippe s\u00e9v\u00e8re. Ces signes peuvent durer<br \/>\njusqu\u2019\u00e0 <strong data-start=\"3580\" data-end=\"3597\">deux<br \/>\nsemaines<\/strong>, voire plus. Un <strong>rhume<\/strong>, lui, se<br \/>\nr\u00e9sorbe en moyenne en <strong data-start=\"3651\" data-end=\"3671\">sept \u00e0 dix jours<\/strong>. Cette dur\u00e9e plus longue est un<br \/>\nindicateur \u00e0 ne pas n\u00e9gliger.<\/p>\n<p><img loading=\"lazy\" decoding=\"async\" itemprop=\"thumbnailUrl\" class=\"size-large wp-image-2637482 img-responsive pinit-here\" src=\"https:\/\/www.europesays.com\/fr\/wp-content\/uploads\/2025\/10\/au-feminin-15-1024x496.jpg\" alt=\"&lt;p&gt;Covid-19 : ces 6 sympt\u00f4mes du variant Frankenstein \u00e0 ne pas confondre avec un simple rhume cet hiver 2025&lt;\/p&gt;\" width=\"1024\" height=\"496\" data-pin-media=\"https:\/\/sf2.afcdn.com\/wp-content\/uploads\/aufeminin\/2025\/07\/au-feminin-15-736x357.jpg\"\/><br \/>\n\u00a9<br \/>\nPeopleImages.com &#8211; Yuri A &#8211; Shutterstock<\/p>\n<p data-start=\"3812\" data-end=\"4406\">Contrairement \u00e0 un simple<br \/>\n<strong>rhume<\/strong>, le variant <strong>Frankenstein<\/strong><br \/>\npeut aussi <strong data-start=\"3880\" data-end=\"3911\">toucher le<br \/>\nsyst\u00e8me digestif<\/strong>. Le Dr Lopes souligne que<br \/>\n\u00ab\u00a0<strong data-start=\"3943\" data-end=\"4076\">le variant Nimbus<br \/>\nprovoque des naus\u00e9es et des ballonnements, tandis que Stratus reste<br \/>\nplus marqu\u00e9 par la fatigue et<br \/>\nl\u2019enrouement<\/strong>.\u00a0\u00bb\u00a0Cependant, certains cas de<br \/>\nFrankenstein pr\u00e9sentent aussi des <strong data-start=\"4135\" data-end=\"4157\">maux d\u2019estomac<\/strong> ou des <strong data-start=\"4161\" data-end=\"4184\">naus\u00e9es l\u00e9g\u00e8res<\/strong>. Autre<br \/>\nparticularit\u00e9 : le <strong data-start=\"4211\" data-end=\"4228\">nez<br \/>\nqui coule<\/strong> n\u2019est plus un signe fiable. Si un rhume provoque<br \/>\nsouvent des \u00e9ternuements constants, le Covid, lui, peut<br \/>\ns\u2019accompagner d\u2019un nez sec ou l\u00e9g\u00e8rement congestionn\u00e9, sans<br \/>\nforcement d&rsquo;\u00e9coulement.<\/p>\n<p>Covid-19 Frankenstein : quand<br \/>\nconsulter un m\u00e9decin et comment se prot\u00e9ger ?<\/p>\n<p data-start=\"4493\" data-end=\"5099\">Les sympt\u00f4mes embl\u00e9matiques<br \/>\ndes d\u00e9buts du <strong>Covid<\/strong> \u2013 <strong data-start=\"4543\" data-end=\"4583\">fi\u00e8vre, perte du go\u00fbt ou de l\u2019odorat<\/strong> \u2013<br \/>\nsont aujourd\u2019hui <strong data-start=\"4603\" data-end=\"4622\">moins<br \/>\nfr\u00e9quents<\/strong> avec le variant <strong>Frankenstein<\/strong>.<br \/>\nCependant, ils peuvent encore appara\u00eetre chez certaines personnes.<br \/>\n\u00ab\u00a0<strong data-start=\"4747\" data-end=\"4864\">La perte de go\u00fbt et<br \/>\nd\u2019odorat est moins courante avec les nouveaux variants, mais reste<br \/>\nun signe typique du Covid<\/strong>\u00ab\u00a0, rappelle le Dr Tang. En<br \/>\nrevanche, la <strong>fi\u00e8vre<\/strong>, m\u00eame l\u00e9g\u00e8re, doit aussi<br \/>\n\u00e9veiller les soup\u00e7ons, notamment lorsqu\u2019elle persiste plus de deux<br \/>\njours. En cas de doute, mieux vaut effectuer un <strong data-start=\"5016\" data-end=\"5036\">test antig\u00e9nique<\/strong> ou<br \/>\n<strong data-start=\"5040\" data-end=\"5047\">PCR<\/strong> pour lever<br \/>\nl\u2019incertitude et prot\u00e9ger ses proches.<\/p>\n<p data-start=\"5162\" data-end=\"5813\">Les experts recommandent de<br \/>\n<strong data-start=\"5190\" data-end=\"5214\">consulter un<br \/>\nm\u00e9decin<\/strong> si les sympt\u00f4mes persistent plus de<br \/>\n<strong data-start=\"5251\" data-end=\"5268\">10 \u00e0 14 jours<\/strong>,<br \/>\nou en cas de <strong data-start=\"5283\" data-end=\"5348\">fi\u00e8vre<br \/>\n\u00e9lev\u00e9e, douleurs thoraciques ou difficult\u00e9s \u00e0 respirer<\/strong>.<br \/>\n\u00ab\u00a0<strong data-start=\"5351\" data-end=\"5425\">Faites-vous tester,<br \/>\nsurtout si vous c\u00f4toyez des personnes<br \/>\nvuln\u00e9rables<\/strong>\u00ab\u00a0,\u00a0insiste le Dr Tang. Les<br \/>\n<strong data-start=\"5455\" data-end=\"5477\">tests<br \/>\nantig\u00e9niques<\/strong> restent disponibles en pharmacie, tandis que<br \/>\nla campagne de vaccination a d\u00e9but\u00e9 en France le 14 octobre. Et<br \/>\npour limiter les risques, les conseils ne changent pas :<br \/>\n<strong data-start=\"5601\" data-end=\"5678\">se laver les mains, a\u00e9rer<br \/>\nles pi\u00e8ces, rester chez soi en cas de sympt\u00f4mes<\/strong> et<br \/>\n<strong data-start=\"5682\" data-end=\"5716\">se tenir \u00e0 jour de ses<br \/>\nvaccins<\/strong>. Surtout, ne pas minimiser un simple rhume : cet<br \/>\nhiver, il peut cacher un tout autre virus.<\/p>\n","protected":false},"excerpt":{"rendered":"Fi\u00e8vre, fatigue, gorge irrit\u00e9e\u2026 Cet hiver 2025, le Covid-19 fait un retour remarqu\u00e9 avec le variant Frankenstein, aussi&hellip;\n","protected":false},"author":2,"featured_media":470747,"comment_status":"","ping_status":"","sticky":false,"template":"","format":"standard","meta":{"footnotes":""},"categories":[10],"tags":[4400,1011,27,72,226,44232,71,5336],"class_list":{"0":"post-470746","1":"post","2":"type-post","3":"status-publish","4":"format-standard","5":"has-post-thumbnail","7":"category-sante","8":"tag-covid","9":"tag-fr","10":"tag-france","11":"tag-health","12":"tag-maladie","13":"tag-rhume","14":"tag-sante","15":"tag-virus"},"share_on_mastodon":{"url":"https:\/\/pubeurope.com\/@fr\/115391323486430463","error":""},"_links":{"self":[{"href":"https:\/\/www.europesays.com\/fr\/wp-json\/wp\/v2\/posts\/470746","targetHints":{"allow":["GET"]}}],"collection":[{"href":"https:\/\/www.europesays.com\/fr\/wp-json\/wp\/v2\/posts"}],"about":[{"href":"https:\/\/www.europesays.com\/fr\/wp-json\/wp\/v2\/types\/post"}],"author":[{"embeddable":true,"href":"https:\/\/www.europesays.com\/fr\/wp-json\/wp\/v2\/users\/2"}],"replies":[{"embeddable":true,"href":"https:\/\/www.europesays.com\/fr\/wp-json\/wp\/v2\/comments?post=470746"}],"version-history":[{"count":0,"href":"https:\/\/www.europesays.com\/fr\/wp-json\/wp\/v2\/posts\/470746\/revisions"}],"wp:featuredmedia":[{"embeddable":true,"href":"https:\/\/www.europesays.com\/fr\/wp-json\/wp\/v2\/media\/470747"}],"wp:attachment":[{"href":"https:\/\/www.europesays.com\/fr\/wp-json\/wp\/v2\/media?parent=470746"}],"wp:term":[{"taxonomy":"category","embeddable":true,"href":"https:\/\/www.europesays.com\/fr\/wp-json\/wp\/v2\/categories?post=470746"},{"taxonomy":"post_tag","embeddable":true,"href":"https:\/\/www.europesays.com\/fr\/wp-json\/wp\/v2\/tags?post=470746"}],"curies":[{"name":"wp","href":"https:\/\/api.w.org\/{rel}","templated":true}]}}