{"id":470756,"date":"2025-10-17T20:14:12","date_gmt":"2025-10-17T20:14:12","guid":{"rendered":"https:\/\/www.europesays.com\/fr\/470756\/"},"modified":"2025-10-17T20:14:12","modified_gmt":"2025-10-17T20:14:12","slug":"la-bbc-epinglee-par-le-regulateur-des-medias-pour-un-documentaire-sur-gaza-ayant-enfreint-les-regles-de-diffusion","status":"publish","type":"post","link":"https:\/\/www.europesays.com\/fr\/470756\/","title":{"rendered":"La BBC \u00e9pingl\u00e9e par le r\u00e9gulateur des m\u00e9dias pour un documentaire sur Gaza ayant \u00abenfreint les r\u00e8gles de diffusion\u00bb"},"content":{"rendered":"<p>\n    Selon l\u2019Ofcom, \u00able fait d\u2019avoir omis de pr\u00e9ciser que le p\u00e8re du narrateur occupait un poste au sein de l\u2019administration dirig\u00e9e par le Hamas a constitu\u00e9 une source de tromperie substantielle\u00bb.<\/p>\n<p class=\"fig-paragraph\">Le r\u00e9gulateur britannique des m\u00e9dias a estim\u00e9 vendredi que la\u00a0<a href=\"http:\/\/www.lefigaro.fr\/international\/gaza-les-agences-de-presse-et-la-bbc-reclament-a-israel-un-acces-libre-pour-les-journalistes-20250724\" data-fig-type=\"NewsFlash\" data-gtm-custom-categorie=\"navigation\" data-gtm-custom-action=\"crossclick\" data-gtm-custom-label=\"Contextuel\" data-gtm-event=\"customEventSPE\" data-fig-domain=\"LEFIGARO\" target=\"_blank\" rel=\"noopener\">BBC<\/a>\u00a0avait \u00abenfreint les r\u00e8gles de diffusion\u00bb avec un reportage \u00e0\u00a0<a href=\"http:\/\/www.lefigaro.fr\/international\/gaza-l-onu-affirme-qu-il-faudra-du-temps-pour-remedier-a-la-famine-20251017\" data-fig-type=\"NewsFlash\" data-gtm-custom-categorie=\"navigation\" data-gtm-custom-action=\"crossclick\" data-gtm-custom-label=\"Contextuel\" data-gtm-event=\"customEventSPE\" data-fig-domain=\"LEFIGARO\" target=\"_blank\" rel=\"noopener\">Gaza<\/a>\u00a0dans lequel le narrateur principal, un enfant, \u00e9tait le fils d&rsquo;un haut responsable du Hamas. L&rsquo;Ofcom a jug\u00e9 que \u00able fait d&rsquo;avoir omis de pr\u00e9ciser que le p\u00e8re du narrateur occupait un poste au sein de l&rsquo;administration dirig\u00e9e par le Hamas a constitu\u00e9 une source de tromperie substantielle\u00bb.<\/p>\n<p class=\"fig-paragraph\">Le r\u00e9gulateur avait ouvert une enqu\u00eate apr\u00e8s les nombreuses critiques qui avaient suivi la diffusion en d\u00e9but d&rsquo;ann\u00e9e par le groupe audiovisuel public britannique de ce documentaire, intitul\u00e9 \u00abGaza: comment survivre dans une zone de guerre\u00bb. L&rsquo;enqu\u00eate a conclu que ce documentaire \u00aba enfreint les r\u00e8gles de diffusion qui stipulent que les programmes d&rsquo;information ne doivent pas induire le public en erreur\u00bb, a indiqu\u00e9 l&rsquo;Ofcom dans sa d\u00e9cision publi\u00e9e vendredi.<\/p>\n<p>                                    <a class=\"fig-a11y-skip a11y-hidden\" href=\"#fig-a11y-skip-main-inarticle\"><br \/>\n        Passer la publicit\u00e9<br \/>\n    <\/a><\/p>\n<p class=\"fig-paragraph\">Ce manquement a pu \u00ab\u00e9roder la confiance \u00e9lev\u00e9e que le public \u00e9tait susceptible d&rsquo;accorder \u00e0 un programme d&rsquo;information de la BBC sur la guerre\u00bb \u00e0 Gaza, pr\u00e9cise le r\u00e9gulateur. La cha\u00eene BBC2 devra diffuser les conclusions de cette enqu\u00eate \u00e0 l&rsquo;antenne, \u00e0 une date encore \u00e0 confirmer.<\/p>\n<p>La BBC avait rapidement retir\u00e9 le documentaire<\/p>\n<p class=\"fig-paragraph\">En f\u00e9vrier dernier, la diffusion de ce documentaire avait suscit\u00e9 une vive pol\u00e9mique, apr\u00e8s la r\u00e9v\u00e9lation que son narrateur, un enfant palestinien de 13 ans, \u00e9tait le fils de l&rsquo;ancien vice-ministre de l&rsquo;Agriculture du Hamas.<\/p>\n<p class=\"fig-paragraph\">Le mouvement islamiste, class\u00e9 organisation terroriste au Royaume-Uni, est responsable de l&rsquo;attaque meurtri\u00e8re du 7 octobre 2023 qui a fait 1 221 morts c\u00f4t\u00e9 isra\u00e9lien, selon un bilan \u00e9tabli par l&rsquo;AFP \u00e0 partir de donn\u00e9es officielles. En repr\u00e9sailles l&rsquo;arm\u00e9e isra\u00e9lienne a men\u00e9 une offensive \u00e0 Gaza, qui a fait 67.967 morts, en majorit\u00e9 des civils, selon les chiffres du minist\u00e8re de la Sant\u00e9 du Hamas. Les combats ont cess\u00e9 le 10 octobre apr\u00e8s la conclusion d&rsquo;un accord de cessez-le-feu sous l&rsquo;\u00e9gide du pr\u00e9sident Trump.<\/p>\n<p class=\"fig-paragraph\">Face \u00e0 la pol\u00e9mique, la BBC avait rapidement retir\u00e9 le documentaire de sa plateforme, et apr\u00e8s une enqu\u00eate interne, le groupe s&rsquo;\u00e9tait excus\u00e9 pour les \u00abgraves erreurs\u00bb commises lors de la r\u00e9alisation du reportage, produit par une soci\u00e9t\u00e9 ind\u00e9pendante, qui avait cach\u00e9 que le narrateur \u00e9tait le fils d&rsquo;un responsable du Hamas.<\/p>\n","protected":false},"excerpt":{"rendered":"Selon l\u2019Ofcom, \u00able fait d\u2019avoir omis de pr\u00e9ciser que le p\u00e8re du narrateur occupait un poste au sein&hellip;\n","protected":false},"author":2,"featured_media":470757,"comment_status":"","ping_status":"","sticky":false,"template":"","format":"standard","meta":{"footnotes":""},"categories":[5],"tags":[11,9668,1011,27,665,14,12,28],"class_list":{"0":"post-470756","1":"post","2":"type-post","3":"status-publish","4":"format-standard","5":"has-post-thumbnail","7":"category-international","8":"tag-actualites","9":"tag-bbc","10":"tag-fr","11":"tag-france","12":"tag-gaza","13":"tag-international","14":"tag-news","15":"tag-world"},"share_on_mastodon":{"url":"https:\/\/pubeurope.com\/@fr\/115391343152324203","error":""},"_links":{"self":[{"href":"https:\/\/www.europesays.com\/fr\/wp-json\/wp\/v2\/posts\/470756","targetHints":{"allow":["GET"]}}],"collection":[{"href":"https:\/\/www.europesays.com\/fr\/wp-json\/wp\/v2\/posts"}],"about":[{"href":"https:\/\/www.europesays.com\/fr\/wp-json\/wp\/v2\/types\/post"}],"author":[{"embeddable":true,"href":"https:\/\/www.europesays.com\/fr\/wp-json\/wp\/v2\/users\/2"}],"replies":[{"embeddable":true,"href":"https:\/\/www.europesays.com\/fr\/wp-json\/wp\/v2\/comments?post=470756"}],"version-history":[{"count":0,"href":"https:\/\/www.europesays.com\/fr\/wp-json\/wp\/v2\/posts\/470756\/revisions"}],"wp:featuredmedia":[{"embeddable":true,"href":"https:\/\/www.europesays.com\/fr\/wp-json\/wp\/v2\/media\/470757"}],"wp:attachment":[{"href":"https:\/\/www.europesays.com\/fr\/wp-json\/wp\/v2\/media?parent=470756"}],"wp:term":[{"taxonomy":"category","embeddable":true,"href":"https:\/\/www.europesays.com\/fr\/wp-json\/wp\/v2\/categories?post=470756"},{"taxonomy":"post_tag","embeddable":true,"href":"https:\/\/www.europesays.com\/fr\/wp-json\/wp\/v2\/tags?post=470756"}],"curies":[{"name":"wp","href":"https:\/\/api.w.org\/{rel}","templated":true}]}}