{"id":470760,"date":"2025-10-17T20:16:13","date_gmt":"2025-10-17T20:16:13","guid":{"rendered":"https:\/\/www.europesays.com\/fr\/470760\/"},"modified":"2025-10-17T20:16:13","modified_gmt":"2025-10-17T20:16:13","slug":"budget-2026-comment-le-gouvernement-prevoit-de-recuperer-15-milliards-deuros-sur-les-pensions-de-retraite-dici-2030","status":"publish","type":"post","link":"https:\/\/www.europesays.com\/fr\/470760\/","title":{"rendered":"Budget 2026 :\u00a0comment le gouvernement pr\u00e9voit de r\u00e9cup\u00e9rer 15 milliards d\u2019euros sur les pensions de retraite d\u2019ici 2030"},"content":{"rendered":"<p>\n    Apr\u00e8s l\u2019ann\u00e9e blanche pr\u00e9vue dans le projet de loi de financement de la S\u00e9curit\u00e9 sociale, le gouvernement Lecornu envisage de sous-indexer les pensions de retraite\u00a0&#8211; les augmenter moins que l\u2019inflation &#8211; pendant trois ans.<\/p>\n<p class=\"fig-paragraph\">Une ann\u00e9e blanche peut en cacher une autre. Tel qu\u2019il a \u00e9t\u00e9 pr\u00e9sent\u00e9 aux parlementaires,\u00a0<a href=\"http:\/\/www.lefigaro.fr\/conjoncture\/comment-le-gouvernement-compte-reduire-le-deficit-de-la-securite-sociale-a-17-5-milliards-d-euros-20251014\" data-fig-type=\"NewsFlash\" data-gtm-custom-categorie=\"navigation\" data-gtm-custom-action=\"crossclick\" data-gtm-custom-label=\"Contextuel\" data-gtm-event=\"customEventSPE\" data-fig-domain=\"LEFIGARO\" target=\"_blank\" rel=\"noopener\">le projet de loi de financement de la S\u00e9curit\u00e9 sociale (PLFSS)<\/a>\u00a0pr\u00e9par\u00e9 par le gouvernement Lecornu reprend en grande partie la copie de l\u2019\u00e9quipe Bayrou. Ainsi,\u00a0<a href=\"http:\/\/www.lefigaro.fr\/conjoncture\/impots-annee-blanche-economies-ce-que-contient-le-budget-2026-du-gouvernement-lecornu-20251013\" data-fig-type=\"Article\" data-gtm-custom-categorie=\"navigation\" data-gtm-custom-action=\"crossclick\" data-gtm-custom-label=\"Contextuel\" data-gtm-event=\"customEventSPE\" data-fig-domain=\"LEFIGARO\" target=\"_blank\" rel=\"noopener\">une \u00ab ann\u00e9e blanche\u00a0\u00bb<\/a> \u00a0est pr\u00e9vue en 2026, avec un gel des montants de toutes les prestations sociales et donc des pensions de retraite, lesquelles sont normalement rehauss\u00e9es chaque ann\u00e9e en fonction de l\u2019inflation (+5,3\u00a0% en 2024 et +2,2\u00a0% en 2025). Ce gel devrait \u00e9conomiser 3,6 milliards d\u2019euros en 2026. Mais le gouvernement veut aller encore plus loin et diminuer les pensions de retraite jusqu\u2019en 2029.<\/p>\n<p class=\"fig-paragraph\">Alors que la mise en \u0153uvre concr\u00e8te de la suspension de la r\u00e9forme des retraites,\u00a0annonc\u00e9e mardi par S\u00e9bastien Lecornu\u00a0pour \u00e9chapper \u00e0 la censure des d\u00e9put\u00e9s, fait couler beaucoup d\u2019encre, le PLFSS souligne que \u00ab\u00a0malgr\u00e9 la r\u00e9forme de 2023, la branche vieillesse reste structurellement d\u00e9ficitaire et &#8211; sans mesures de redressement &#8211; son d\u00e9ficit\u2026<\/p>\n<p class=\"fig-premium-paywall__infos\">\n        Cet article est r\u00e9serv\u00e9 aux abonn\u00e9s.        Il vous reste 83% \u00e0 d\u00e9couvrir.\n    <\/p>\n<p>                <img  data- alt=\"Le Figaro\" class=\"fig-img--complete fig-img\"\/><\/p>\n<p class=\"fig-premium-paywall__title\">Vous avez envie de lire la suite ?<\/p>\n<p class=\"fig-premium-paywall__subtitle\">D\u00e9bloquez tous les articles imm\u00e9diatement.<\/p>\n<p class=\"fig-premium-paywall__connect\">\n                D\u00e9j\u00e0 abonn\u00e9\u00a0?                <a class=\"fig-premium-paywall__connect-link\" href=\"https:\/\/connect.lefigaro.fr\/login?client=horizon_web&amp;type=main&amp;redirect_uri=https%3A%2F%2Fwww.lefigaro.fr%2Fconjoncture%2Fbudget-2026-comment-le-gouvernement-prevoit-de-recuperer-15-milliards-d-euros-sur-les-pensions-de-retraite-d-ici-2030-20251017\" data-js-gtm=\"{&quot;customCategorie&quot;: &quot;conversion&quot;, &quot;customAction&quot;: &quot;before_Landing_Connexion_paywall_auto&quot;, &quot;customLabel&quot;: &quot;bGVmaWdhcm8uZnJfXzFmMGFiMzVmLTFkMTQtNjQ1Yy05NWRhLTJmYmZiYzM4N2ZkN19fQXJ0aWNsZQ==_Budget 2026\u00a0:\u00a0comment le gouvernement pr\u00e9voit de r\u00e9cup\u00e9rer 15 milliards d\u2019euros sur les pensions de retraite d\u2019ici 2030_337&quot;, &quot;customIDSPE&quot;: &quot;bGVmaWdhcm8uZnJfXzFmMGFiMzVmLTFkMTQtNjQ1Yy05NWRhLTJmYmZiYzM4N2ZkN19fQXJ0aWNsZQ==&quot;, &quot;event&quot;: &quot;customEventSPE&quot;}\" target=\"_blank\" rel=\"noopener\"><br \/>\n                    Connectez-vous<br \/>\n                <\/a>\n            <\/p>\n","protected":false},"excerpt":{"rendered":"Apr\u00e8s l\u2019ann\u00e9e blanche pr\u00e9vue dans le projet de loi de financement de la S\u00e9curit\u00e9 sociale, le gouvernement Lecornu&hellip;\n","protected":false},"author":2,"featured_media":470761,"comment_status":"","ping_status":"","sticky":false,"template":"","format":"standard","meta":{"footnotes":""},"categories":[2],"tags":[11,1003,1011,27,12,9910,731],"class_list":{"0":"post-470760","1":"post","2":"type-post","3":"status-publish","4":"format-standard","5":"has-post-thumbnail","7":"category-actualites","8":"tag-actualites","9":"tag-budget","10":"tag-fr","11":"tag-france","12":"tag-news","13":"tag-retraites","14":"tag-securite-sociale"},"share_on_mastodon":{"url":"https:\/\/pubeurope.com\/@fr\/115391351049123409","error":""},"_links":{"self":[{"href":"https:\/\/www.europesays.com\/fr\/wp-json\/wp\/v2\/posts\/470760","targetHints":{"allow":["GET"]}}],"collection":[{"href":"https:\/\/www.europesays.com\/fr\/wp-json\/wp\/v2\/posts"}],"about":[{"href":"https:\/\/www.europesays.com\/fr\/wp-json\/wp\/v2\/types\/post"}],"author":[{"embeddable":true,"href":"https:\/\/www.europesays.com\/fr\/wp-json\/wp\/v2\/users\/2"}],"replies":[{"embeddable":true,"href":"https:\/\/www.europesays.com\/fr\/wp-json\/wp\/v2\/comments?post=470760"}],"version-history":[{"count":0,"href":"https:\/\/www.europesays.com\/fr\/wp-json\/wp\/v2\/posts\/470760\/revisions"}],"wp:featuredmedia":[{"embeddable":true,"href":"https:\/\/www.europesays.com\/fr\/wp-json\/wp\/v2\/media\/470761"}],"wp:attachment":[{"href":"https:\/\/www.europesays.com\/fr\/wp-json\/wp\/v2\/media?parent=470760"}],"wp:term":[{"taxonomy":"category","embeddable":true,"href":"https:\/\/www.europesays.com\/fr\/wp-json\/wp\/v2\/categories?post=470760"},{"taxonomy":"post_tag","embeddable":true,"href":"https:\/\/www.europesays.com\/fr\/wp-json\/wp\/v2\/tags?post=470760"}],"curies":[{"name":"wp","href":"https:\/\/api.w.org\/{rel}","templated":true}]}}