{"id":470762,"date":"2025-10-17T20:17:25","date_gmt":"2025-10-17T20:17:25","guid":{"rendered":"https:\/\/www.europesays.com\/fr\/470762\/"},"modified":"2025-10-17T20:17:25","modified_gmt":"2025-10-17T20:17:25","slug":"un-homme-de-22-ans-arrete-a-la-vogue-de-firminy","status":"publish","type":"post","link":"https:\/\/www.europesays.com\/fr\/470762\/","title":{"rendered":"un homme de 22 ans arr\u00eat\u00e9 \u00e0 la vogue de Firminy"},"content":{"rendered":"<p>L\u2019agression d\u2019un chauffeur de camion-poubelle en pleine rue \u00e0 La Ricamarie, dans la nuit du jeudi\u00a025 au vendredi 26 septembre, avait suscit\u00e9 une vive \u00e9motion. La victime avait re\u00e7u un violent coup de poing au visage lui causant une fracture du nez et une incapacit\u00e9 totale de travail de quatre jours.<\/p>\n<p>Mais le flair des policiers de la Brigade sp\u00e9cialis\u00e9e de terrain (BST) a permis de retrouver l\u2019auteur des faits et de l\u2019interpeller quelques jours seulement apr\u00e8s les faits, dans des conditions quelque peu particuli\u00e8res.<\/p>\n<p>  Il avait tent\u00e9 d\u2019incendier le camion-poubelle<\/p>\n<p>En effet, alors que les fonctionnaires de la BST se trouvaient en patrouille dans les rues de Firminy, mercredi 15\u00a0octobre, \u00e0 l\u2019occasion de la Vogue des noix, ils sont interpell\u00e9s par une forte odeur de cannabis.<\/p>\n<p>Ces derniers vont alors remonter jusqu\u2019\u00e0 un individu en train de fumer un joint. Mais gr\u00e2ce aux images de vid\u00e9osurveillance film\u00e9es par les cam\u00e9ras lors des violences commises \u00e0 quelques encablures du centre-ville ricamandois, les forces de police vont rapidement faire le lien <a href=\"https:\/\/www.leprogres.fr\/environnement\/2025\/09\/26\/un-chauffeur-de-camion-poubelle-agresse-en-pleine-rue\" target=\"_blank\" rel=\"noopener\">avec l\u2019agression \u00e0 La Ricamarie du mois dernier.<\/a><\/p>\n<p>\u00c2g\u00e9 de 22 ans et originaire de Saint-\u00c9tienne, l\u2019homme a \u00e9t\u00e9 interpell\u00e9 et plac\u00e9 en garde \u00e0 vue.\u00a0\u00c0 l\u2019issue, il s\u2019est vu signifier une convocation devant le tribunal correctionnel de Saint-\u00c9tienne au cours des prochaines semaines, pour violences sur personne charg\u00e9e de mission publique.<\/p>\n<p>Il devra aussi r\u00e9pondre d\u2019une tentative de destruction du bien d\u2019autrui par un moyen dangereux. En effet, selon une source proche de l\u2019enqu\u00eate, juste avant de frapper le chauffeur du camion-poubelle, le St\u00e9phanois avait mis le feu \u00e0 une casquette avant de la lancer en direction du v\u00e9hicule. Sans parvenir \u00e0 l\u2019atteindre, fort heureusement.<\/p>\n","protected":false},"excerpt":{"rendered":"L\u2019agression d\u2019un chauffeur de camion-poubelle en pleine rue \u00e0 La Ricamarie, dans la nuit du jeudi\u00a025 au vendredi&hellip;\n","protected":false},"author":2,"featured_media":470763,"comment_status":"","ping_status":"","sticky":false,"template":"","format":"standard","meta":{"footnotes":""},"categories":[9653],"tags":[1111,11,2430,271,272,7539,1777,674,274,1011,27,11324,11325,3367,12,25,4001,104],"class_list":{"0":"post-470762","1":"post","2":"type-post","3":"status-publish","4":"format-standard","5":"has-post-thumbnail","7":"category-saint-etienne","8":"tag-actu","9":"tag-actualites","10":"tag-auvergne-rhone-alpes","11":"tag-crime","12":"tag-delit-et-contravention","13":"tag-edition-loire-sud","14":"tag-eu","15":"tag-europe","16":"tag-faits-divers-justice","17":"tag-fr","18":"tag-france","19":"tag-la-ricamarie","20":"tag-la-ricamarie-ville","21":"tag-loire","22":"tag-news","23":"tag-republique-francaise","24":"tag-saint-etienne","25":"tag-societe"},"share_on_mastodon":{"url":"https:\/\/pubeurope.com\/@fr\/115391354907551009","error":""},"_links":{"self":[{"href":"https:\/\/www.europesays.com\/fr\/wp-json\/wp\/v2\/posts\/470762","targetHints":{"allow":["GET"]}}],"collection":[{"href":"https:\/\/www.europesays.com\/fr\/wp-json\/wp\/v2\/posts"}],"about":[{"href":"https:\/\/www.europesays.com\/fr\/wp-json\/wp\/v2\/types\/post"}],"author":[{"embeddable":true,"href":"https:\/\/www.europesays.com\/fr\/wp-json\/wp\/v2\/users\/2"}],"replies":[{"embeddable":true,"href":"https:\/\/www.europesays.com\/fr\/wp-json\/wp\/v2\/comments?post=470762"}],"version-history":[{"count":0,"href":"https:\/\/www.europesays.com\/fr\/wp-json\/wp\/v2\/posts\/470762\/revisions"}],"wp:featuredmedia":[{"embeddable":true,"href":"https:\/\/www.europesays.com\/fr\/wp-json\/wp\/v2\/media\/470763"}],"wp:attachment":[{"href":"https:\/\/www.europesays.com\/fr\/wp-json\/wp\/v2\/media?parent=470762"}],"wp:term":[{"taxonomy":"category","embeddable":true,"href":"https:\/\/www.europesays.com\/fr\/wp-json\/wp\/v2\/categories?post=470762"},{"taxonomy":"post_tag","embeddable":true,"href":"https:\/\/www.europesays.com\/fr\/wp-json\/wp\/v2\/tags?post=470762"}],"curies":[{"name":"wp","href":"https:\/\/api.w.org\/{rel}","templated":true}]}}