{"id":470770,"date":"2025-10-17T20:21:11","date_gmt":"2025-10-17T20:21:11","guid":{"rendered":"https:\/\/www.europesays.com\/fr\/470770\/"},"modified":"2025-10-17T20:21:11","modified_gmt":"2025-10-17T20:21:11","slug":"apres-la-mobilisation-de-mardi-a-toulon-y-aura-t-il-un-absenteisme-record-dans-les-lycees-professionnels","status":"publish","type":"post","link":"https:\/\/www.europesays.com\/fr\/470770\/","title":{"rendered":"Apr\u00e8s la mobilisation de mardi \u00e0 Toulon, y aura-t-il un absent\u00e9isme record dans les lyc\u00e9es professionnels ?"},"content":{"rendered":"<p class=\"fs-5 \">Entr\u00e9e en vigueur au printemps 2025, la r\u00e9forme du baccalaur\u00e9at professionnel soul\u00e8ve l\u2019opposition des syndicats enseignants.<\/p>\n<p class=\"fs-5 \">Le \u00ab parcours diff\u00e9renci\u00e9 \u00bb, qui permet aux \u00e9l\u00e8ves de terminale de la voie professionnelle de choisir entre six semaines de cours ou un stage en entreprise \u00e0 la fin de l\u2019ann\u00e9e scolaire, est ainsi critiqu\u00e9 par les membres de l\u2019intersyndicale (1) r\u00e9unis mardi place de la Libert\u00e9 \u00e0 Toulon.<\/p>\n<p class=\"fs-5 \">En ligne de mire : le stage en entreprise propos\u00e9 aux \u00e9l\u00e8ves \u00e0 la fin de l\u2019ann\u00e9e scolaire.<\/p>\n<p>                                                                                \u00ab De 80 \u00e0 100 % d\u2019absent\u00e9isme \u00bb<\/p>\n<p class=\"fs-5 \">Le nouveau calendrier de la terminale professionnelle provoque des \u00e9preuves du baccalaur\u00e9at avanc\u00e9es au mois de mai, ce qui aurait pour cons\u00e9quence de \u00ab vider \u00bb les \u00e9tablissements au mois de juin, laissant les enseignants seuls et d\u00e9munis face \u00e0 des classes d\u00e9sesp\u00e9r\u00e9ment vides.<\/p>\n<p class=\"fs-5 \">Avec un fort taux d\u2019absent\u00e9isme une fois les \u00e9preuves du bac termin\u00e9es. \u00ab On atteint 80 \u00e0 100 % d\u2019absent\u00e9isme dans certaines classes \u00bb, pr\u00e9sente Christian Petit, co-secr\u00e9taire acad\u00e9mique du syndicat SNUEP\u2013FSU.<\/p>\n<p class=\"fs-5 \">Et pour cause, la majorit\u00e9 des \u00e9l\u00e8ves optent pour la p\u00e9riode de formation en milieu professionnel (PFMP).<\/p>\n<p class=\"fs-5 \">Cette p\u00e9riode de stage en entreprise est gratifi\u00e9e par une allocation de l\u2019\u00c9tat, \u00e9quivalente \u00e0 vingt euros par jour.<\/p>\n<p class=\"fs-5 \">Une aubaine, pour des jeunes souvent issus de milieux d\u00e9favoris\u00e9s. Un scandale, pour les syndicats d\u2019enseignants.<\/p>\n<p class=\"fs-5 \">\u00ab Les r\u00e9formes successives n\u2019ont fait que r\u00e9duire notre temps d\u2019enseignement devant les \u00e9l\u00e8ves. Les coll\u00e8gues n\u2019ont plus assez de temps de formation. Cons\u00e9quence, les \u00e9l\u00e8ves ont de moins en moins de bagages pour poursuivre leurs \u00e9tudes \u00bb, explique Christian Petit, qui rappelle que \u00ab l\u2019enseignement professionnel public a la double finalit\u00e9 d\u2019ins\u00e9rer dans le monde du travail, et aussi de poursuivre les \u00e9tudes \u00bb.<\/p>\n<p>                                                                                Un retour \u00e0 l\u2019ancienne organisation ?<\/p>\n<p class=\"fs-5 \">\u00c0 l\u2019issue de la derni\u00e8re audience minist\u00e9rielle avec les syndicats, qui a eu lieu le 25 ao\u00fbt, le minist\u00e8re de l\u2019\u00c9ducation nationale avait annonc\u00e9 la r\u00e9duction du parcours diff\u00e9renci\u00e9 de 6 \u00e0 4 semaines.<\/p>\n<p class=\"fs-5 \">Un ajustement jug\u00e9 insuffisant pour les syndicats, qui r\u00e9clament \u00ab l\u2019abrogation totale \u00bb de la r\u00e9forme voulue par le pr\u00e9sident de la R\u00e9publique, Emmanuel Macron.<\/p>\n<p class=\"fs-5 \">L\u2019intersyndicale r\u00e9clame donc l\u2019abandon du parcours personnalis\u00e9 et le r\u00e9tablissement des \u00e9preuves du baccalaur\u00e9at professionnel \u00e0 la fin du mois de juin.<\/p>\n<p class=\"fs-5 \">Bref, un retour \u00e0 l\u2019ancienne organisation.<\/p>\n<p class=\"fs-5 \">Et aussi, un \u00ab plan d\u2019urgence \u00bb avec l\u2019ouverture de formations, des cr\u00e9ations de postes, et la r\u00e9novation des ateliers et du b\u00e2ti scolaire. Dans le Var, plus de 8 000 \u00e9l\u00e8ves sont inscrits en lyc\u00e9e professionnel.<\/p>\n<p class=\"fs-5 \">1. Les huit organisations syndicales qui ont sign\u00e9 l\u2019appel national \u00e0 la gr\u00e8ve et aux manifestations sont : SNUEP-FSU, CGT \u00c9duc\u2019action, SE-UNSA, CFDT \u00c9ducation, SNALC, SUD \u00c9ducation, CNT-FTE.<\/p>\n","protected":false},"excerpt":{"rendered":"Entr\u00e9e en vigueur au printemps 2025, la r\u00e9forme du baccalaur\u00e9at professionnel soul\u00e8ve l\u2019opposition des syndicats enseignants. Le \u00ab&hellip;\n","protected":false},"author":2,"featured_media":470771,"comment_status":"","ping_status":"","sticky":false,"template":"","format":"standard","meta":{"footnotes":""},"categories":[9619],"tags":[1111,11,1777,674,1011,27,12,882,25,2310],"class_list":{"0":"post-470770","1":"post","2":"type-post","3":"status-publish","4":"format-standard","5":"has-post-thumbnail","7":"category-toulon","8":"tag-actu","9":"tag-actualites","10":"tag-eu","11":"tag-europe","12":"tag-fr","13":"tag-france","14":"tag-news","15":"tag-provence-alpes-cote-dazur","16":"tag-republique-francaise","17":"tag-toulon"},"share_on_mastodon":{"url":"https:\/\/pubeurope.com\/@fr\/115391370681084089","error":""},"_links":{"self":[{"href":"https:\/\/www.europesays.com\/fr\/wp-json\/wp\/v2\/posts\/470770","targetHints":{"allow":["GET"]}}],"collection":[{"href":"https:\/\/www.europesays.com\/fr\/wp-json\/wp\/v2\/posts"}],"about":[{"href":"https:\/\/www.europesays.com\/fr\/wp-json\/wp\/v2\/types\/post"}],"author":[{"embeddable":true,"href":"https:\/\/www.europesays.com\/fr\/wp-json\/wp\/v2\/users\/2"}],"replies":[{"embeddable":true,"href":"https:\/\/www.europesays.com\/fr\/wp-json\/wp\/v2\/comments?post=470770"}],"version-history":[{"count":0,"href":"https:\/\/www.europesays.com\/fr\/wp-json\/wp\/v2\/posts\/470770\/revisions"}],"wp:featuredmedia":[{"embeddable":true,"href":"https:\/\/www.europesays.com\/fr\/wp-json\/wp\/v2\/media\/470771"}],"wp:attachment":[{"href":"https:\/\/www.europesays.com\/fr\/wp-json\/wp\/v2\/media?parent=470770"}],"wp:term":[{"taxonomy":"category","embeddable":true,"href":"https:\/\/www.europesays.com\/fr\/wp-json\/wp\/v2\/categories?post=470770"},{"taxonomy":"post_tag","embeddable":true,"href":"https:\/\/www.europesays.com\/fr\/wp-json\/wp\/v2\/tags?post=470770"}],"curies":[{"name":"wp","href":"https:\/\/api.w.org\/{rel}","templated":true}]}}