{"id":470772,"date":"2025-10-17T20:22:21","date_gmt":"2025-10-17T20:22:21","guid":{"rendered":"https:\/\/www.europesays.com\/fr\/470772\/"},"modified":"2025-10-17T20:22:21","modified_gmt":"2025-10-17T20:22:21","slug":"brigitte-bardot-est-rentree-chez-elle-apres-son-hospitalisation-a-toulon","status":"publish","type":"post","link":"https:\/\/www.europesays.com\/fr\/470772\/","title":{"rendered":"Brigitte Bardot est rentr\u00e9e chez elle, apr\u00e8s son hospitalisation \u00e0 Toulon"},"content":{"rendered":"<p>Brigitte Bardot est rentr\u00e9e chez elle, a indiqu\u00e9 vendredi la Fondation Brigitte Bardot \u00e0 ICI Provence. Elle se repose apr\u00e8s une intervention chirurgicale qui a n\u00e9cessit\u00e9 son hospitalisation \u00e0 Toulon. Elle remercie \u00ab\u00a0ceux qui se soucient de son \u00e9tat de sant\u00e9\u00a0\u00bb. <\/p>\n<p>Brigitte Bardot, ancienne ic\u00f4ne du cin\u00e9ma fran\u00e7ais \u00ab\u00a0a \u00e9t\u00e9 bri\u00e8vement hospitalis\u00e9e aupr\u00e8s de l&rsquo;H\u00f4pital priv\u00e9 Saint-Jean \u00e0 Toulon pour subir une l\u00e9g\u00e8re intervention chirurgicale qui s&rsquo;est d\u00e9roul\u00e9e de mani\u00e8re particuli\u00e8rement satisfaisante\u00a0\u00bb, a indiqu\u00e9 la Fondation Brigitte Bardot \u00e0 ICI Provence. \u00ab\u00a0Elle se repose chez elle et\u00a0ne r\u00e9pondra \u00e0 aucune sollicitation\u00a0\u00bb,\u00a0ajoute la Fondation.<\/p>\n<p>L&rsquo;ancienne actrice remercie chacun de \u00ab\u00a0respecter son intimit\u00e9 et sa tranquillit\u00e9\u00a0\u00bb.\u00a0Brigitte Bardot, 91 ans, a \u00e9galement tenu \u00e0 \u00ab\u00a0remercier tous ceux qui se soucient de son \u00e9tat de sant\u00e9 et les rassurer\u00a0\u00bb. \u00ab\u00a0BB\u00a0\u00bb, qui a tir\u00e9 un trait sur le cin\u00e9ma dans les ann\u00e9es 1970 pour se consacrer \u00e0 la cause animale, vit entre sa c\u00e9l\u00e8bre r\u00e9sidence de La Madrague \u00e0 Saint-Tropez, dans le Sud de la France, et une seconde maison cach\u00e9e dans la verdure, La Garrigue, abritant des animaux et une chapelle priv\u00e9e.<\/p>\n<p>En janvier 2023,\u00a0la l\u00e9gende du cin\u00e9ma fran\u00e7ais, aussi connue pour son combat pour la cause animale,\u00a0avait d\u00e9j\u00e0 \u00e9t\u00e9 hospitalis\u00e9e en raison d&rsquo;une\u00a0insuffisance respiratoire.<\/p>\n<p>\u00c0 lire aussi   <img decoding=\"async\" src=\"https:\/\/www.europesays.com\/fr\/wp-content\/uploads\/2025\/10\/1760732541_580_560x315\" alt=\"Brigitte Bardot, en 2005\" style=\"--_image-preview:url('data:image\/jpeg;base64,\/9j\/2wBDACgcHiMeGSgjISMtKygwPGRBPDc3PHtYXUlkkYCZlo+AjIqgtObDoKrarYqMyP\/L2u71\/\/\/\/m8H\/\/\/\/6\/+b9\/\/j\/2wBDASstLTw1PHZBQXb4pYyl+Pj4+Pj4+Pj4+Pj4+Pj4+Pj4+Pj4+Pj4+Pj4+Pj4+Pj4+Pj4+Pj4+Pj4+Pj4+Pj4+Pj\/wAARCAAXACoDASIAAhEBAxEB\/8QAGAAAAwEBAAAAAAAAAAAAAAAAAAECAwT\/xAAXEAEBAQEAAAAAAAAAAAAAAAAAAQIR\/8QAFgEBAQEAAAAAAAAAAAAAAAAAAAEC\/8QAFBEBAAAAAAAAAAAAAAAAAAAAAP\/aAAwDAQACEQMRAD8A69Vnad0i1hs+nEdVKI0gKGDnui6AKJVygCLigAf\/2Q==');\" loading=\"lazy\" fetchpriority=\"low\" aria-hidden=\"true\" class=\"svelte-1pnmlwx rounded\" onload=\"this.__e=event\" onerror=\"this.__e=event\"\/><\/p>\n","protected":false},"excerpt":{"rendered":"Brigitte Bardot est rentr\u00e9e chez elle, a indiqu\u00e9 vendredi la Fondation Brigitte Bardot \u00e0 ICI Provence. Elle se&hellip;\n","protected":false},"author":2,"featured_media":470773,"comment_status":"","ping_status":"","sticky":false,"template":"","format":"standard","meta":{"footnotes":""},"categories":[9619],"tags":[1111,11,1777,674,1011,27,12,882,25,2310],"class_list":{"0":"post-470772","1":"post","2":"type-post","3":"status-publish","4":"format-standard","5":"has-post-thumbnail","7":"category-toulon","8":"tag-actu","9":"tag-actualites","10":"tag-eu","11":"tag-europe","12":"tag-fr","13":"tag-france","14":"tag-news","15":"tag-provence-alpes-cote-dazur","16":"tag-republique-francaise","17":"tag-toulon"},"share_on_mastodon":{"url":"https:\/\/pubeurope.com\/@fr\/115391375187487428","error":""},"_links":{"self":[{"href":"https:\/\/www.europesays.com\/fr\/wp-json\/wp\/v2\/posts\/470772","targetHints":{"allow":["GET"]}}],"collection":[{"href":"https:\/\/www.europesays.com\/fr\/wp-json\/wp\/v2\/posts"}],"about":[{"href":"https:\/\/www.europesays.com\/fr\/wp-json\/wp\/v2\/types\/post"}],"author":[{"embeddable":true,"href":"https:\/\/www.europesays.com\/fr\/wp-json\/wp\/v2\/users\/2"}],"replies":[{"embeddable":true,"href":"https:\/\/www.europesays.com\/fr\/wp-json\/wp\/v2\/comments?post=470772"}],"version-history":[{"count":0,"href":"https:\/\/www.europesays.com\/fr\/wp-json\/wp\/v2\/posts\/470772\/revisions"}],"wp:featuredmedia":[{"embeddable":true,"href":"https:\/\/www.europesays.com\/fr\/wp-json\/wp\/v2\/media\/470773"}],"wp:attachment":[{"href":"https:\/\/www.europesays.com\/fr\/wp-json\/wp\/v2\/media?parent=470772"}],"wp:term":[{"taxonomy":"category","embeddable":true,"href":"https:\/\/www.europesays.com\/fr\/wp-json\/wp\/v2\/categories?post=470772"},{"taxonomy":"post_tag","embeddable":true,"href":"https:\/\/www.europesays.com\/fr\/wp-json\/wp\/v2\/tags?post=470772"}],"curies":[{"name":"wp","href":"https:\/\/api.w.org\/{rel}","templated":true}]}}