{"id":470778,"date":"2025-10-17T20:25:11","date_gmt":"2025-10-17T20:25:11","guid":{"rendered":"https:\/\/www.europesays.com\/fr\/470778\/"},"modified":"2025-10-17T20:25:11","modified_gmt":"2025-10-17T20:25:11","slug":"important-degagement-de-fumee-dans-un-immeuble-pres-de-rouen-deux-personnes-intoxiquees","status":"publish","type":"post","link":"https:\/\/www.europesays.com\/fr\/470778\/","title":{"rendered":"Important d\u00e9gagement de fum\u00e9e dans un immeuble pr\u00e8s de Rouen : deux personnes intoxiqu\u00e9es"},"content":{"rendered":"<p>            Par<br \/>\n        <strong><br \/>\n            <a href=\"https:\/\/actu.fr\/auteur\/aurelien-delavaud\" title=\"Consulter tous les articles de Aur\u00e9lien Delavaud\" rel=\"nofollow noopener\" target=\"_blank\">Aur\u00e9lien Delavaud<\/a><br \/>\n        <\/strong><\/p>\n<p>        Publi\u00e9 le<\/p>\n<p>            17 oct. 2025 \u00e0 17h07        <\/p>\n<p>Il est \u00e0 peine plus de 15\u2009h, le vendredi 17\u00a0octobre 2025, lorsque l\u2019alerte est lanc\u00e9e aupr\u00e8s des pompiers pour un potentiel <b>feu dans un immeuble<\/b>, dans le centre-ville d\u2019<a href=\"https:\/\/actu.fr\/normandie\/elbeuf_76231\" rel=\"nofollow noopener\" target=\"_blank\">Elbeuf (Seine-Maritime)<\/a>.<\/p>\n<p class=\" wall-content\">\u00c0 leur arriv\u00e9e sur place, dans la rue aux B\u0153ufs, une petite voie situ\u00e9e derri\u00e8re la place de la R\u00e9publique, les soldats du feu voient en effet un important <b>d\u00e9gagement de fum\u00e9e<\/b> au premier \u00e9tage d\u2019un immeuble qui compte deux \u00e9tages plus des combles.<\/p>\n<p>    <a href=\"https:\/\/maps.google.com\/maps?q=49.28944773266002,0.9997813411392187&amp;z=15&amp;output=embed\" title=\"Ouvrie le lien\" rel=\"nofollow noopener\" target=\"_blank\">Cliquez ici pour visualiser le contenu<\/a><\/p>\n<p>Deux personnes intoxiqu\u00e9es<\/p>\n<p class=\" wall-content\">Rapidement, les pompiers mettent en s\u00e9curit\u00e9 six occupants de l\u2019immeuble et mettent fin au sinistre, qui est parti d\u2019aliments rest\u00e9s sur le feu, dans un logement situ\u00e9 au rez-de-chauss\u00e9e.<\/p>\n<p class=\" wall-content\">Parmi ces six habitants, <b>deux personnes ont \u00e9t\u00e9 intoxiqu\u00e9es<\/b> par les fum\u00e9es. Class\u00e9es en <b>\u00e9tat d\u2019urgence relative<\/b> par les secours, elles ont \u00e9t\u00e9 transport\u00e9es vers l\u2019h\u00f4pital des Feugrais.<\/p>\n<p class=\" wall-content\">Personnalisez votre actualit\u00e9 en ajoutant vos villes et m\u00e9dias en favori avec <a href=\"https:\/\/moncompte.actu.fr\" title=\"D\u00e9couvez Mon Actu\" rel=\"nofollow noopener\" data-trk=\"{&quot;cta&quot;:{&quot;action&quot;:&quot;https:\\\/\\\/moncompte.actu.fr&quot;,&quot;category&quot;:&quot;mon compte&quot;,&quot;from&quot;:&quot;article footer&quot;,&quot;name&quot;:&quot;Mon actu&quot;,&quot;type&quot;:&quot;cta&quot;}}\" target=\"_blank\">Mon Actu<\/a>.<\/p>\n","protected":false},"excerpt":{"rendered":"Par Aur\u00e9lien Delavaud Publi\u00e9 le 17 oct. 2025 \u00e0 17h07 Il est \u00e0 peine plus de 15\u2009h, le&hellip;\n","protected":false},"author":2,"featured_media":470779,"comment_status":"","ping_status":"","sticky":false,"template":"","format":"standard","meta":{"footnotes":""},"categories":[9587],"tags":[1111,11,1777,674,118,1011,27,1310,12,5161,1311,25,9590],"class_list":{"0":"post-470778","1":"post","2":"type-post","3":"status-publish","4":"format-standard","5":"has-post-thumbnail","7":"category-rouen","8":"tag-actu","9":"tag-actualites","10":"tag-eu","11":"tag-europe","12":"tag-faits-divers","13":"tag-fr","14":"tag-france","15":"tag-incendie","16":"tag-news","17":"tag-normandie","18":"tag-pompiers","19":"tag-republique-francaise","20":"tag-rouen"},"share_on_mastodon":{"url":"https:\/\/pubeurope.com\/@fr\/115391386402770321","error":""},"_links":{"self":[{"href":"https:\/\/www.europesays.com\/fr\/wp-json\/wp\/v2\/posts\/470778","targetHints":{"allow":["GET"]}}],"collection":[{"href":"https:\/\/www.europesays.com\/fr\/wp-json\/wp\/v2\/posts"}],"about":[{"href":"https:\/\/www.europesays.com\/fr\/wp-json\/wp\/v2\/types\/post"}],"author":[{"embeddable":true,"href":"https:\/\/www.europesays.com\/fr\/wp-json\/wp\/v2\/users\/2"}],"replies":[{"embeddable":true,"href":"https:\/\/www.europesays.com\/fr\/wp-json\/wp\/v2\/comments?post=470778"}],"version-history":[{"count":0,"href":"https:\/\/www.europesays.com\/fr\/wp-json\/wp\/v2\/posts\/470778\/revisions"}],"wp:featuredmedia":[{"embeddable":true,"href":"https:\/\/www.europesays.com\/fr\/wp-json\/wp\/v2\/media\/470779"}],"wp:attachment":[{"href":"https:\/\/www.europesays.com\/fr\/wp-json\/wp\/v2\/media?parent=470778"}],"wp:term":[{"taxonomy":"category","embeddable":true,"href":"https:\/\/www.europesays.com\/fr\/wp-json\/wp\/v2\/categories?post=470778"},{"taxonomy":"post_tag","embeddable":true,"href":"https:\/\/www.europesays.com\/fr\/wp-json\/wp\/v2\/tags?post=470778"}],"curies":[{"name":"wp","href":"https:\/\/api.w.org\/{rel}","templated":true}]}}